{"id":180043,"date":"2021-04-28T12:18:33","date_gmt":"2021-04-28T10:18:33","guid":{"rendered":"https:\/\/zjarr.tv\/?p=180043"},"modified":"2021-04-28T12:18:33","modified_gmt":"2021-04-28T10:18:33","slug":"kristaq-kume-paralajmeron-cfare-pritet-te-ndodhe-pas-kerkeses-se-pd-se-per-rishikimin-e-materialit-zgjedhor","status":"publish","type":"post","link":"https:\/\/zjarr.tv\/sq\/kristaq-kume-paralajmeron-cfare-pritet-te-ndodhe-pas-kerkeses-se-pd-se-per-rishikimin-e-materialit-zgjedhor\/","title":{"rendered":"Kristaq Kume paralajm\u00ebron \u00e7far\u00eb pritet t\u00eb ndodh\u00eb pas k\u00ebrkes\u00ebs s\u00eb PD-s\u00eb p\u00ebr rishikimin e materialit zgjedhor\u2026"},"content":{"rendered":"<p>Ish-kryetari i Komisionit Qendror t\u00eb Zgjedhjeve, Kritaq Kume, \u00ebsht\u00eb shprehur se mund t\u00eb krijohet nj\u00eb ng\u00ebr\u00e7 i madh, pas k\u00ebrkes\u00ebs s\u00eb PD-s\u00eb p\u00ebr rishikim t\u00eb materialit zgjedhor.<\/p>\n<p>N\u00eb nj\u00eb intervist\u00eb p\u00ebr emisionin \u201cZgjedhje 2021\u201d, Kume tha se megjithat\u00eb duhet b\u00ebr\u00eb nj\u00eb ndarje n\u00ebse opozita e b\u00ebn k\u00ebt\u00eb k\u00ebrkes\u00eb vet\u00ebm p\u00ebr politik\u00eb.<\/p>\n<p><em style=\"font-weight: inherit;\">\u201cEdhe mundet q\u00eb t\u00eb ndodhemi p\u00ebrpara nj\u00eb situate t\u00eb till\u00eb, ku t\u00eb k\u00ebrkohet q\u00eb gjith\u00e7ka t\u00eb b\u00ebhet nga e para. E gjith\u00eb kjo do t\u00eb shkoj\u00eb deri n\u00eb fund p\u00ebr t\u00eb mos prodhuar ng\u00ebr\u00e7in sepse shpeshher\u00eb \u00ebsht\u00eb i duksh\u00ebm rezultati dhe b\u00ebhet produkt i konsumit politik\u201d.<\/em><\/p>\n<p>Lidhur me pretendimet p\u00ebr manipulim t\u00eb votave, Kristaq Kume, shpjegoi se n\u00ebse komisioner\u00ebt kan\u00eb kryer shkelje, rrezikojn\u00eb deri n\u00eb pes\u00eb vjet burg.<\/p>\n<p><em style=\"font-weight: inherit;\"> \u201cRezultati p\u00ebr subjektet politike duhet t\u00eb p\u00ebrfundonte brenda 48 or\u00ebve dhe kjo u realizua. Pavar\u00ebsisht si punuan komisioner\u00ebt, gjith\u00e7ka u b\u00eb n\u00eb p\u00ebrputhje me ligjin. Nuk kemi vonesa n\u00eb nxjerrjen e rezultatit. Sa i takon m\u00ebnyr\u00ebs si u zbatua ligji nga komisioner\u00ebt, si u lexuan votat, legjislacioni thot\u00eb q\u00eb n\u00ebse komisioneri konsumon nj\u00eb vep\u00ebr t\u00eb till\u00eb, nuk e mbron dot m\u00eb partia. N\u00ebse do t\u00eb identifikohen raste t\u00eb tilla t\u00eb keqp\u00ebrdorimit t\u00eb t\u00eb drejt\u00ebs p\u00ebr t\u00eb lexuar vullnetin e popullit, mund t\u00eb d\u00ebnohesh me 3-5 vjet. Jan\u00eb t\u00eb ekspozuar t\u00eb gjith\u00eb p\u00ebrpara verifikimit t\u00eb faktit n\u00ebse kan\u00eb konsumuar apo jo nj\u00eb vep\u00ebr t\u00eb till\u00eb. Kjo detyron rishqyrtimin dhe n\u00ebse administrata zgjedhore dhe KQZ verifikon se ka keqp\u00ebrdorim, menj\u00ebher\u00eb nis procedimi penal. \u00c7do subjekt zgjedhor, gjat\u00eb procesit t\u00eb ankimimit ka t\u00eb drejt\u00ebn t\u00eb k\u00ebrkoj\u00eb p\u00ebr t\u00eb hapur kutit\u00eb.\u201d<\/em>, \u2013 tha Kume.<\/p>\n<p>Procesin zgjedhor ai e vler\u00ebsoi me nota pozitive dhe tha se tani me r\u00ebnd\u00ebsi \u00ebsht\u00eb q\u00eb t\u00eb pranohet rezultati.<\/p>\n","protected":false},"excerpt":{"rendered":"<p>Ish-kryetari i Komisionit Qendror t\u00eb Zgjedhjeve, Kritaq Kume, \u00ebsht\u00eb shprehur se mund t\u00eb krijohet nj\u00eb ng\u00ebr\u00e7 i madh, pas k\u00ebrkes\u00ebs s\u00eb PD-s\u00eb p\u00ebr rishikim t\u00eb materialit zgjedhor. N\u00eb nj\u00eb intervist\u00eb p\u00ebr emisionin \u201cZgjedhje 2021\u201d, Kume tha se megjithat\u00eb duhet b\u00ebr\u00eb nj\u00eb ndarje n\u00ebse opozita e b\u00ebn k\u00ebt\u00eb k\u00ebrkes\u00eb vet\u00ebm p\u00ebr politik\u00eb. \u201cEdhe mundet q\u00eb t\u00eb [&hellip;]<\/p>\n","protected":false},"author":2016,"featured_media":180045,"comment_status":"closed","ping_status":"closed","sticky":false,"template":"","format":"standard","meta":{"footnotes":""},"categories":[241],"tags":[2727],"class_list":{"0":"post-180043","1":"post","2":"type-post","3":"status-publish","4":"format-standard","5":"has-post-thumbnail","7":"category-aktualitet","8":"tag-lajme-zjarr-kristaq-kume-flet-per-zgjedhjet-zjarr-tv"},"_links":{"self":[{"href":"https:\/\/zjarr.tv\/sq\/wp-json\/wp\/v2\/posts\/180043","targetHints":{"allow":["GET"]}}],"collection":[{"href":"https:\/\/zjarr.tv\/sq\/wp-json\/wp\/v2\/posts"}],"about":[{"href":"https:\/\/zjarr.tv\/sq\/wp-json\/wp\/v2\/types\/post"}],"author":[{"embeddable":true,"href":"https:\/\/zjarr.tv\/sq\/wp-json\/wp\/v2\/users\/2016"}],"replies":[{"embeddable":true,"href":"https:\/\/zjarr.tv\/sq\/wp-json\/wp\/v2\/comments?post=180043"}],"version-history":[{"count":0,"href":"https:\/\/zjarr.tv\/sq\/wp-json\/wp\/v2\/posts\/180043\/revisions"}],"wp:featuredmedia":[{"embeddable":true,"href":"https:\/\/zjarr.tv\/sq\/wp-json\/wp\/v2\/media\/180045"}],"wp:attachment":[{"href":"https:\/\/zjarr.tv\/sq\/wp-json\/wp\/v2\/media?parent=180043"}],"wp:term":[{"taxonomy":"category","embeddable":true,"href":"https:\/\/zjarr.tv\/sq\/wp-json\/wp\/v2\/categories?post=180043"},{"taxonomy":"post_tag","embeddable":true,"href":"https:\/\/zjarr.tv\/sq\/wp-json\/wp\/v2\/tags?post=180043"}],"curies":[{"name":"wp","href":"https:\/\/api.w.org\/{rel}","templated":true}]}}