{"id":180051,"date":"2021-04-28T13:38:43","date_gmt":"2021-04-28T11:38:43","guid":{"rendered":"https:\/\/zjarr.tv\/?p=180051"},"modified":"2021-04-28T13:38:43","modified_gmt":"2021-04-28T11:38:43","slug":"se-bera-me-te-keq-del-para-gjykates-arben-mema-hyri-me-makine-ne-sheshin-skenderbej-dhe-terrorizoi-qytetaret","status":"publish","type":"post","link":"https:\/\/zjarr.tv\/sq\/se-bera-me-te-keq-del-para-gjykates-arben-mema-hyri-me-makine-ne-sheshin-skenderbej-dhe-terrorizoi-qytetaret\/","title":{"rendered":"\u201cSe b\u00ebra me t\u00eb keq\u201d, del para gjykat\u00ebs Arben Mema, hyri me makin\u00eb n\u00eb Sheshin \u201cSk\u00ebnderbej\u201d dhe terrorizoi qytetar\u00ebt"},"content":{"rendered":"<p style=\"background: white; margin: 0in 0in 19.5pt 0in;\">Ka dal\u00eb para Gjykat\u00ebs s\u00eb Tiran\u00ebs Arben Mema, i cili m\u00eb 25 prill hyri n\u00eb Sheshin \u201cSk\u00ebnderbej\u201d, dhe tentoi me makin\u00ebn t\u00eb shtypte qytetar\u00ebt.<\/p>\n<p style=\"background: white; -webkit-tap-highlight-color: transparent !important; box-sizing: border-box; overflow-wrap: break-word; font-variant-ligatures: normal; font-variant-caps: normal; orphans: 2; widows: 2; -webkit-text-stroke-width: 0px; text-decoration-thickness: initial; text-decoration-style: initial; text-decoration-color: initial; word-spacing: 0px; margin: 0in 0in 19.5pt 0in;\">B\u00ebhet me dije se para Prokuroria ka k\u00ebrkuar \u201carrest me burg\u201d p\u00ebr autorin.<\/p>\n<p style=\"background: white; -webkit-tap-highlight-color: transparent !important; box-sizing: border-box; overflow-wrap: break-word; font-variant-ligatures: normal; font-variant-caps: normal; orphans: 2; widows: 2; -webkit-text-stroke-width: 0px; text-decoration-thickness: initial; text-decoration-style: initial; text-decoration-color: initial; word-spacing: 0px; margin: 0in 0in 19.5pt 0in;\">M\u00ebsohet se para togave t\u00eb zeza Mema ka th\u00ebn\u00eb se nuk e b\u00ebri me t\u00eb keq dhe se makina i kishte dal\u00eb jasht\u00eb kontrollit.<\/p>\n<p style=\"background: white; -webkit-tap-highlight-color: transparent !important; box-sizing: border-box; overflow-wrap: break-word; font-variant-ligatures: normal; font-variant-caps: normal; orphans: 2; widows: 2; -webkit-text-stroke-width: 0px; text-decoration-thickness: initial; text-decoration-style: initial; text-decoration-color: initial; word-spacing: 0px; margin: 0in 0in 19.5pt 0in;\">\u201cSe b\u00ebra me t\u00eb keq, do ikja djathtas, mu kthye makina majtas. S\u2019m\u00eb ka dal\u00eb ende pija, m\u00eb doli makina jasht\u00eb kontrollit\u201d- tha Arben Mema.<\/p>\n<p style=\"background: white; -webkit-tap-highlight-color: transparent !important; box-sizing: border-box; overflow-wrap: break-word; font-variant-ligatures: normal; font-variant-caps: normal; orphans: 2; widows: 2; -webkit-text-stroke-width: 0px; text-decoration-thickness: initial; text-decoration-style: initial; text-decoration-color: initial; word-spacing: 0px; margin: 0in 0in 19.5pt 0in;\">Gjykata ka dh\u00ebn\u00eb mas\u00ebn \u201carrest me burg\u201d p\u00ebr Arben Mem\u00ebn.<\/p>\n","protected":false},"excerpt":{"rendered":"<p>Ka dal\u00eb para Gjykat\u00ebs s\u00eb Tiran\u00ebs Arben Mema, i cili m\u00eb 25 prill hyri n\u00eb Sheshin \u201cSk\u00ebnderbej\u201d, dhe tentoi me makin\u00ebn t\u00eb shtypte qytetar\u00ebt. B\u00ebhet me dije se para Prokuroria ka k\u00ebrkuar \u201carrest me burg\u201d p\u00ebr autorin. M\u00ebsohet se para togave t\u00eb zeza Mema ka th\u00ebn\u00eb se nuk e b\u00ebri me t\u00eb keq dhe se [&hellip;]<\/p>\n","protected":false},"author":2030,"featured_media":180052,"comment_status":"closed","ping_status":"closed","sticky":false,"template":"","format":"standard","meta":{"footnotes":""},"categories":[241],"tags":[],"class_list":{"0":"post-180051","1":"post","2":"type-post","3":"status-publish","4":"format-standard","5":"has-post-thumbnail","7":"category-aktualitet"},"_links":{"self":[{"href":"https:\/\/zjarr.tv\/sq\/wp-json\/wp\/v2\/posts\/180051","targetHints":{"allow":["GET"]}}],"collection":[{"href":"https:\/\/zjarr.tv\/sq\/wp-json\/wp\/v2\/posts"}],"about":[{"href":"https:\/\/zjarr.tv\/sq\/wp-json\/wp\/v2\/types\/post"}],"author":[{"embeddable":true,"href":"https:\/\/zjarr.tv\/sq\/wp-json\/wp\/v2\/users\/2030"}],"replies":[{"embeddable":true,"href":"https:\/\/zjarr.tv\/sq\/wp-json\/wp\/v2\/comments?post=180051"}],"version-history":[{"count":0,"href":"https:\/\/zjarr.tv\/sq\/wp-json\/wp\/v2\/posts\/180051\/revisions"}],"wp:featuredmedia":[{"embeddable":true,"href":"https:\/\/zjarr.tv\/sq\/wp-json\/wp\/v2\/media\/180052"}],"wp:attachment":[{"href":"https:\/\/zjarr.tv\/sq\/wp-json\/wp\/v2\/media?parent=180051"}],"wp:term":[{"taxonomy":"category","embeddable":true,"href":"https:\/\/zjarr.tv\/sq\/wp-json\/wp\/v2\/categories?post=180051"},{"taxonomy":"post_tag","embeddable":true,"href":"https:\/\/zjarr.tv\/sq\/wp-json\/wp\/v2\/tags?post=180051"}],"curies":[{"name":"wp","href":"https:\/\/api.w.org\/{rel}","templated":true}]}}