{"id":180078,"date":"2021-04-28T15:37:47","date_gmt":"2021-04-28T13:37:47","guid":{"rendered":"https:\/\/zjarr.tv\/?p=180078"},"modified":"2021-04-28T15:37:47","modified_gmt":"2021-04-28T13:37:47","slug":"keto-zgjedhje-nuk-do-te-njihen-ato-duhen-peshtyre-gjekmarkaj-do-ti-perzeme-hajdutet-e-votes","status":"publish","type":"post","link":"https:\/\/zjarr.tv\/sq\/keto-zgjedhje-nuk-do-te-njihen-ato-duhen-peshtyre-gjekmarkaj-do-ti-perzeme-hajdutet-e-votes\/","title":{"rendered":"\u201cK\u00ebto zgjedhje nuk do t\u00eb njihen. Ato duhen p\u00ebshtyr\u00eb!\u201d- Gjekmarkaj: Do t\u2019i p\u00ebrz\u00ebm\u00eb hajdut\u00ebt e vot\u00ebs\u2026"},"content":{"rendered":"<p>Kandidati me nr. 2 n\u00eb list\u00ebn e PD n\u00eb qarkut t\u00eb Lezh\u00ebs, Agron Gjekmarkaj, \u00a0deklaron se zgjedhjet e 25 prillit nuk do t\u00eb njihen nga opozita shqiptare.<\/p>\n<p>P\u00ebrmes nj\u00eb reagimi n\u00eb rrjetet sociale ai thekson se \u201c<em>parat\u00eb e krimit trukuan frym\u00ebn e vot\u00ebs shqiptare!\u201d. <\/em><em>\u201cPushteti lokal e q\u00ebndror me ndihme sociale, pun\u00ebsime abuzive, legalizime e sht\u00ebpi t\u00ebrmeti nd\u00ebrhyri kudo p\u00ebr t\u00eb trukuar vullnetin p\u00ebr ndryshim!\u201d, <\/em>shkruan ai.<\/p>\n<p>Gjekmarkaj paralajm\u00ebron se p\u00ebrballja po vjen, duke u shprehur se: \u201c<em>Do t\u2019i p\u00ebrz\u00ebm\u00eb hajdut\u00ebt e vot\u00ebs nga zyrat e shtetit dhe nga jeta e k\u00ebtij kombi!\u201d.<\/em><\/p>\n<p><strong>Deklarata e plot\u00eb:\u00a0<\/strong><\/p>\n<p>Shqip\u00ebria n\u00eb rrezik!! Shteti dhe mafia n\u00eb Shqip\u00ebri jan\u00eb b\u00ebr\u00eb nj\u00eb! Strukturat mafioze t\u00eb Edi Ram\u00ebs masakruan procesin elektoral! Kudo nat\u00ebn n\u00eb cepa lagjesh n\u00eb qytet n\u00eb fshtra n\u00ebn mbrojtjen e policis\u00eb shp\u00ebrndan\u00eb para , k\u00ebrc\u00ebnuan, premtuan, g\u00ebnjyen p\u00ebr vot\u00ebn!<\/p>\n<p>Parat\u00eb e krimit trukuan frym\u00ebn e vot\u00ebs shqiptare! Pushteti lokal e q\u00ebndror me ndihme sociale, pun\u00ebsime abuzive, legalizime e sht\u00ebpi t\u00ebrmeti nd\u00ebrhyri kudo p\u00ebr t\u00eb trukuar vullnetin p\u00ebr ndryshim! Kjo \u00ebsht\u00eb historia m\u00eb e shemtuar e manipulimit t\u00eb votave n\u00eb Europ\u00eb, qysh nga viti 1922 n\u00eb Itali dhe 1933 n\u00eb Gjermani!<\/p>\n<p>Demokracia nuk ekziston, vullneti qytetar gjithashtu, ajo dhe ai, jan\u00eb shnd\u00ebrruar n\u00eb mall q\u00eb ka \u00e7mimin e paras\u00eb s\u00eb drog\u00ebs, s\u00eb tend\u00ebrave dhe t\u00eb frik\u00ebs! Liria jon\u00eb \u00ebsht\u00eb n\u00ebn agresion! Vota jon\u00eb \u00ebsht\u00eb p\u00ebrdhunuar! Opozita \u00ebsht\u00eb e k\u00ebrc\u00ebnuar! T\u00eb drejtat civile varen nga humori i t\u00eb fort\u00ebve!<\/p>\n<p>Procesi elektoral \u00ebsht\u00eb operacion financiar, nuk \u00ebsht\u00eb m\u00eb ide, program, skuad\u00ebr apo lider! PD \u00ebsht\u00eb n\u00eb prov\u00ebn e saj m\u00eb t\u00eb madhe t\u00eb ekzistenc\u00ebs! Ajo duhet t\u00eb hyj\u00eb n\u00eb llogoren ku mbrohet pluralizmi dhe jeta! Opozita e udh\u00ebhequr nga Lulzim Basha do t\u2019i prij\u00eb k\u00ebsaj beteje n\u00eb sheshet shqiptare, derisa regjimi t\u00eb bjer\u00eb dhe vota t\u00eb kthehet!<\/p>\n<p>Opozita nuk do kompleksohet nga burokrat\u00ebt e ambasadave ajo do\u00a0 t\u00eb degjoj\u00eb shqiptar\u00ebt dhe t\u2019i p\u00ebrgjigjet sfid\u00ebs s\u00eb korrupsionit me sfid\u00ebn e Demokracis\u00eb! Opozita do t\u00eb marr\u00eb n\u00eb dor\u00eb fatet e Demokracis\u00eb dhe t\u00eb Zgjedhjeve! K\u00ebto zgjedhje nuk do t\u00eb njihen. Ato duhen p\u00ebshtyr\u00eb! Do t\u2019i p\u00ebrz\u00ebm\u00eb hajdut\u00ebt e vot\u00ebs nga zyrat e shtetit dhe nga jeta e k\u00ebtij kombi! P\u00ebrballja po vjen!<\/p>\n","protected":false},"excerpt":{"rendered":"<p>Kandidati me nr. 2 n\u00eb list\u00ebn e PD n\u00eb qarkut t\u00eb Lezh\u00ebs, Agron Gjekmarkaj, \u00a0deklaron se zgjedhjet e 25 prillit nuk do t\u00eb njihen nga opozita shqiptare. P\u00ebrmes nj\u00eb reagimi n\u00eb rrjetet sociale ai thekson se \u201cparat\u00eb e krimit trukuan frym\u00ebn e vot\u00ebs shqiptare!\u201d. \u201cPushteti lokal e q\u00ebndror me ndihme sociale, pun\u00ebsime abuzive, legalizime e [&hellip;]<\/p>\n","protected":false},"author":2030,"featured_media":180080,"comment_status":"closed","ping_status":"closed","sticky":false,"template":"","format":"standard","meta":{"footnotes":""},"categories":[241,1454],"tags":[],"class_list":{"0":"post-180078","1":"post","2":"type-post","3":"status-publish","4":"format-standard","5":"has-post-thumbnail","7":"category-aktualitet","8":"category-politike"},"_links":{"self":[{"href":"https:\/\/zjarr.tv\/sq\/wp-json\/wp\/v2\/posts\/180078","targetHints":{"allow":["GET"]}}],"collection":[{"href":"https:\/\/zjarr.tv\/sq\/wp-json\/wp\/v2\/posts"}],"about":[{"href":"https:\/\/zjarr.tv\/sq\/wp-json\/wp\/v2\/types\/post"}],"author":[{"embeddable":true,"href":"https:\/\/zjarr.tv\/sq\/wp-json\/wp\/v2\/users\/2030"}],"replies":[{"embeddable":true,"href":"https:\/\/zjarr.tv\/sq\/wp-json\/wp\/v2\/comments?post=180078"}],"version-history":[{"count":0,"href":"https:\/\/zjarr.tv\/sq\/wp-json\/wp\/v2\/posts\/180078\/revisions"}],"wp:featuredmedia":[{"embeddable":true,"href":"https:\/\/zjarr.tv\/sq\/wp-json\/wp\/v2\/media\/180080"}],"wp:attachment":[{"href":"https:\/\/zjarr.tv\/sq\/wp-json\/wp\/v2\/media?parent=180078"}],"wp:term":[{"taxonomy":"category","embeddable":true,"href":"https:\/\/zjarr.tv\/sq\/wp-json\/wp\/v2\/categories?post=180078"},{"taxonomy":"post_tag","embeddable":true,"href":"https:\/\/zjarr.tv\/sq\/wp-json\/wp\/v2\/tags?post=180078"}],"curies":[{"name":"wp","href":"https:\/\/api.w.org\/{rel}","templated":true}]}}