{"id":180093,"date":"2021-04-28T16:56:54","date_gmt":"2021-04-28T14:56:54","guid":{"rendered":"https:\/\/zjarr.tv\/?p=180093"},"modified":"2021-04-28T16:56:54","modified_gmt":"2021-04-28T14:56:54","slug":"petrit-vasili-denoncon-po-na-vjedhin-votat-nderkombetaret-te-reagojne","status":"publish","type":"post","link":"https:\/\/zjarr.tv\/sq\/petrit-vasili-denoncon-po-na-vjedhin-votat-nderkombetaret-te-reagojne\/","title":{"rendered":"Petrit Vasili denoncon: Po na vjedhin votat, nd\u00ebrkomb\u00ebtar\u00ebt t\u00eb reagojn\u00eb"},"content":{"rendered":"<p>Zv\/Kryetari i L\u00ebvizjes Socialiste p\u00ebr Integrim, Petrit Vasili ka deklaruar dit\u00ebn e sotme se votat e LSI-s\u00eb t\u00eb shpallura t\u00eb pavlefshme n\u00eb Durr\u00ebs po num\u00ebrohen si vota t\u00eb Partis\u00eb Socialiste.<\/p>\n<p>N\u00eb nj\u00eb konferenc\u00eb p\u00ebr shtyp, petrit Vasili ftoi nd\u00ebrkomb\u00ebtar\u00ebt dhe KQZ-n\u00eb q\u00eb t\u00eb monitorojn\u00eb procesin e num\u00ebrimit t\u00eb votave t\u00eb kandidat\u00ebve pasi po b\u00ebhet nj\u00eb masak\u00ebr e v\u00ebrtet\u00eb elektorale.<\/p>\n<p>Vasili ka publikuar dhe disa procesverbale q\u00eb sipas tij v\u00ebrtetojn\u00eb q\u00eb votat e shpallura t\u00eb pavlefshme po num\u00ebrohen si vota p\u00ebr PS-n\u00eb.<\/p>\n<p>Ai m\u00eb tej theksoi se procesi b\u00ebhet nul n\u00ebse nuk ka transparenc\u00eb, duke shtuar se kjo masak\u00ebr elektorale nuk ka ndodhur vet\u00ebm n\u00eb Durr\u00ebs por n\u00eb t\u00eb gjith\u00eb vendin.<\/p>\n<p>\u201cJam k\u00ebtu p\u00ebr t\u00eb denoncuar nj\u00eb masak\u00ebr t\u00eb v\u00ebrtet\u00eb elektorale q\u00eb po ndodh n\u00eb Durr\u00ebs, gjat\u00eb num\u00ebrimit t\u00eb kandidat\u00ebve. Vet\u00ebm n\u00eb kat\u00ebr kutit\u00eb e para jan\u00eb gjetur mbi 20 vota q\u00eb jan\u00eb konsideruar t\u00eb pafleshme dhe jan\u00eb num\u00ebruar si t\u00eb PS-s\u00eb. Situata \u00ebsht\u00eb v\u00ebrtet\u00eb skandaloze. N\u00eb kufijt\u00eb e nj\u00eb paligjmerie absolute.<\/p>\n<p>Ftoj nd\u00ebrkomb\u00ebtar\u00ebt dhe p\u00ebrfaq\u00ebsuesit e KQZ-s\u00eb q\u00eb t\u00eb jen\u00eb pjes\u00eb dhe t\u00eb monitojn\u00eb procesin. Nd\u00ebrkoh\u00eb procesi b\u00ebhet nul jo nj\u00eb proces transparent. Vota t\u00eb pavlefshme t\u00eb konsideruara si t\u00eb PS-s\u00eb. Kjo masak\u00ebr elektorale ka ndodhur n\u00eb Durr\u00ebs dhe gjith\u00eb vendin,\u201d deklaroi Vasili.<\/p>\n<p>&nbsp;<\/p>\n","protected":false},"excerpt":{"rendered":"<p>Zv\/Kryetari i L\u00ebvizjes Socialiste p\u00ebr Integrim, Petrit Vasili ka deklaruar dit\u00ebn e sotme se votat e LSI-s\u00eb t\u00eb shpallura t\u00eb pavlefshme n\u00eb Durr\u00ebs po num\u00ebrohen si vota t\u00eb Partis\u00eb Socialiste. N\u00eb nj\u00eb konferenc\u00eb p\u00ebr shtyp, petrit Vasili ftoi nd\u00ebrkomb\u00ebtar\u00ebt dhe KQZ-n\u00eb q\u00eb t\u00eb monitorojn\u00eb procesin e num\u00ebrimit t\u00eb votave t\u00eb kandidat\u00ebve pasi po b\u00ebhet nj\u00eb [&hellip;]<\/p>\n","protected":false},"author":2031,"featured_media":132015,"comment_status":"closed","ping_status":"closed","sticky":false,"template":"","format":"standard","meta":{"footnotes":""},"categories":[231],"tags":[312,2729,329],"class_list":{"0":"post-180093","1":"post","2":"type-post","3":"status-publish","4":"format-standard","5":"has-post-thumbnail","7":"category-lajme","8":"tag-lajme","9":"tag-petrit-vasili","10":"tag-zjarr-tv"},"_links":{"self":[{"href":"https:\/\/zjarr.tv\/sq\/wp-json\/wp\/v2\/posts\/180093","targetHints":{"allow":["GET"]}}],"collection":[{"href":"https:\/\/zjarr.tv\/sq\/wp-json\/wp\/v2\/posts"}],"about":[{"href":"https:\/\/zjarr.tv\/sq\/wp-json\/wp\/v2\/types\/post"}],"author":[{"embeddable":true,"href":"https:\/\/zjarr.tv\/sq\/wp-json\/wp\/v2\/users\/2031"}],"replies":[{"embeddable":true,"href":"https:\/\/zjarr.tv\/sq\/wp-json\/wp\/v2\/comments?post=180093"}],"version-history":[{"count":0,"href":"https:\/\/zjarr.tv\/sq\/wp-json\/wp\/v2\/posts\/180093\/revisions"}],"wp:featuredmedia":[{"embeddable":true,"href":"https:\/\/zjarr.tv\/sq\/wp-json\/wp\/v2\/media\/132015"}],"wp:attachment":[{"href":"https:\/\/zjarr.tv\/sq\/wp-json\/wp\/v2\/media?parent=180093"}],"wp:term":[{"taxonomy":"category","embeddable":true,"href":"https:\/\/zjarr.tv\/sq\/wp-json\/wp\/v2\/categories?post=180093"},{"taxonomy":"post_tag","embeddable":true,"href":"https:\/\/zjarr.tv\/sq\/wp-json\/wp\/v2\/tags?post=180093"}],"curies":[{"name":"wp","href":"https:\/\/api.w.org\/{rel}","templated":true}]}}