{"id":180113,"date":"2021-04-28T18:17:26","date_gmt":"2021-04-28T16:17:26","guid":{"rendered":"https:\/\/zjarr.tv\/?p=180113"},"modified":"2021-04-28T18:17:26","modified_gmt":"2021-04-28T16:17:26","slug":"tirana-pa-drita-oshee-njofton-qytetaret-neser-ne-keto-zona-do-te-nderpritet-energjia-elektrike","status":"publish","type":"post","link":"https:\/\/zjarr.tv\/sq\/tirana-pa-drita-oshee-njofton-qytetaret-neser-ne-keto-zona-do-te-nderpritet-energjia-elektrike\/","title":{"rendered":"Tirana pa drita, OSHEE njofton qytetar\u00ebt: Nes\u00ebr n\u00eb k\u00ebto zona do t\u00eb nd\u00ebrpritet energjia elektrike"},"content":{"rendered":"<p style=\"background: white; margin: 0in 0in 19.5pt 0in;\">OSHEE ka njoftuar qytetar\u00ebt e Tiran\u00ebs se dit\u00ebn e nes\u00ebrme do t\u00eb ket\u00eb nd\u00ebrprerje t\u00eb energjis\u00eb elektrike, p\u00ebr shkak t\u00eb rikonstruksionit t\u00eb n\u00ebnstacionit n\u00eb Kashar.<\/p>\n<p style=\"background: white; -webkit-tap-highlight-color: transparent !important; box-sizing: border-box; overflow-wrap: break-word; font-variant-ligatures: normal; font-variant-caps: normal; orphans: 2; widows: 2; -webkit-text-stroke-width: 0px; text-decoration-thickness: initial; text-decoration-style: initial; text-decoration-color: initial; word-spacing: 0px; margin: 0in 0in 19.5pt 0in;\">Zonat ku do t\u00eb ket\u00eb stakim t\u00eb energjis\u00eb jan\u00eb: Uj\u00ebsjell\u00ebsi B\u00ebrxull\u00eb, Pompat Uj\u00ebsjell\u00ebsi Laknas, Depo Farmaceutike, Shkolla Epoka, Turku Ozal, ATLAS shoqeri mielli, City Park, QTU, Red Bull, Euro-Max, Spitali Hygea, Tirana Biznes Park.<\/p>\n<p style=\"background: white; -webkit-tap-highlight-color: transparent !important; box-sizing: border-box; overflow-wrap: break-word; font-variant-ligatures: normal; font-variant-caps: normal; orphans: 2; widows: 2; -webkit-text-stroke-width: 0px; text-decoration-thickness: initial; text-decoration-style: initial; text-decoration-color: initial; word-spacing: 0px; margin: 0in 0in 19.5pt 0in;\">Nd\u00ebrsa n\u00eb dat\u00ebn 30 do t\u00eb nd\u00ebrpritet pjes\u00ebrisht energjia n\u00eb bizneset p\u00ebrgjat\u00eb autostrad\u00ebs Tiran\u00eb-Vor\u00eb, Vor\u00eb-Fush\u00eb Kruj\u00eb.<\/p>\n<p style=\"background: white; -webkit-tap-highlight-color: transparent !important; box-sizing: border-box; overflow-wrap: break-word; font-variant-ligatures: normal; font-variant-caps: normal; orphans: 2; widows: 2; -webkit-text-stroke-width: 0px; text-decoration-thickness: initial; text-decoration-style: initial; text-decoration-color: initial; word-spacing: 0px; margin: 0in 0in 19.5pt 0in;\"><strong style=\"-webkit-tap-highlight-color: transparent !important; box-sizing: border-box;\">Njoftimi i plot\u00eb i OSHEE:<\/strong><\/p>\n<p style=\"background: white; -webkit-tap-highlight-color: transparent !important; box-sizing: border-box; overflow-wrap: break-word; font-variant-ligatures: normal; font-variant-caps: normal; orphans: 2; widows: 2; -webkit-text-stroke-width: 0px; text-decoration-thickness: initial; text-decoration-style: initial; text-decoration-color: initial; word-spacing: 0px; margin: 0in 0in 19.5pt 0in;\">Njoftim p\u00ebr abonent\u00ebt #Tiran\u00eb Stakim, 29 prill Pas p\u00ebrfundimit t\u00eb investimit p\u00ebr rikonstruksionin e NST Kashar, n\u00eb dat\u00ebn 29 prill do t\u00eb stakohet energjia n\u00eb disa zona p\u00ebr shkak t\u00eb kalimit me furnizim energjie t\u00eb fiderave t\u00eb rinj 20kV, nga skema provizore n\u00eb skem\u00eb p\u00ebrfundimtare.<\/p>\n<p style=\"background: white; -webkit-tap-highlight-color: transparent !important; box-sizing: border-box; overflow-wrap: break-word; font-variant-ligatures: normal; font-variant-caps: normal; orphans: 2; widows: 2; -webkit-text-stroke-width: 0px; text-decoration-thickness: initial; text-decoration-style: initial; text-decoration-color: initial; word-spacing: 0px; margin: 0in 0in 19.5pt 0in;\">M\u00eb posht\u00eb oraret e kufizimit t\u00eb energjis\u00eb n\u00eb zonat p\u00ebrkat\u00ebse n\u00eb Tiran\u00eb: 09:00-10:00 Uj\u00ebsjell\u00ebsi B\u00ebrxull\u00eb, Pompat Uj\u00ebsjell\u00ebsi Laknas, Depo Farmaceutike, Shkolla Epoka, Turku Ozal 10:00-11:00 Ald-Kris Derby, Agroplast, FPM 11:00-12:00 Stela, Diekat 12:00-13:00 ATLAS shoqeri mielli 13:00- 14:00 City Park. 14:00-15:00 QTU, Red Bull, Euro-Max 16:00- 17:00 Spitali Hygea 17:00- 18:00 Tirana Biznes Park. 30 prill 09:00-10:00 Pjeserisht bizneset Autostrada Tirane-Vore, Vore-Fushe Kruje<\/p>\n","protected":false},"excerpt":{"rendered":"<p>OSHEE ka njoftuar qytetar\u00ebt e Tiran\u00ebs se dit\u00ebn e nes\u00ebrme do t\u00eb ket\u00eb nd\u00ebrprerje t\u00eb energjis\u00eb elektrike, p\u00ebr shkak t\u00eb rikonstruksionit t\u00eb n\u00ebnstacionit n\u00eb Kashar. Zonat ku do t\u00eb ket\u00eb stakim t\u00eb energjis\u00eb jan\u00eb: Uj\u00ebsjell\u00ebsi B\u00ebrxull\u00eb, Pompat Uj\u00ebsjell\u00ebsi Laknas, Depo Farmaceutike, Shkolla Epoka, Turku Ozal, ATLAS shoqeri mielli, City Park, QTU, Red Bull, Euro-Max, Spitali [&hellip;]<\/p>\n","protected":false},"author":2030,"featured_media":180114,"comment_status":"closed","ping_status":"closed","sticky":false,"template":"","format":"standard","meta":{"footnotes":""},"categories":[241],"tags":[],"class_list":{"0":"post-180113","1":"post","2":"type-post","3":"status-publish","4":"format-standard","5":"has-post-thumbnail","7":"category-aktualitet"},"_links":{"self":[{"href":"https:\/\/zjarr.tv\/sq\/wp-json\/wp\/v2\/posts\/180113","targetHints":{"allow":["GET"]}}],"collection":[{"href":"https:\/\/zjarr.tv\/sq\/wp-json\/wp\/v2\/posts"}],"about":[{"href":"https:\/\/zjarr.tv\/sq\/wp-json\/wp\/v2\/types\/post"}],"author":[{"embeddable":true,"href":"https:\/\/zjarr.tv\/sq\/wp-json\/wp\/v2\/users\/2030"}],"replies":[{"embeddable":true,"href":"https:\/\/zjarr.tv\/sq\/wp-json\/wp\/v2\/comments?post=180113"}],"version-history":[{"count":0,"href":"https:\/\/zjarr.tv\/sq\/wp-json\/wp\/v2\/posts\/180113\/revisions"}],"wp:featuredmedia":[{"embeddable":true,"href":"https:\/\/zjarr.tv\/sq\/wp-json\/wp\/v2\/media\/180114"}],"wp:attachment":[{"href":"https:\/\/zjarr.tv\/sq\/wp-json\/wp\/v2\/media?parent=180113"}],"wp:term":[{"taxonomy":"category","embeddable":true,"href":"https:\/\/zjarr.tv\/sq\/wp-json\/wp\/v2\/categories?post=180113"},{"taxonomy":"post_tag","embeddable":true,"href":"https:\/\/zjarr.tv\/sq\/wp-json\/wp\/v2\/tags?post=180113"}],"curies":[{"name":"wp","href":"https:\/\/api.w.org\/{rel}","templated":true}]}}