{"id":180129,"date":"2021-04-28T19:17:27","date_gmt":"2021-04-28T17:17:27","guid":{"rendered":"https:\/\/zjarr.tv\/?p=180129"},"modified":"2021-04-28T19:17:27","modified_gmt":"2021-04-28T17:17:27","slug":"ambasada-gjermane-akuzat-per-shit-blerje-votash-te-trajtohen-pa-vonese","status":"publish","type":"post","link":"https:\/\/zjarr.tv\/sq\/ambasada-gjermane-akuzat-per-shit-blerje-votash-te-trajtohen-pa-vonese\/","title":{"rendered":"Ambasada gjermane: Akuzat p\u00ebr shit-blerje votash t\u00eb trajtohen pa vones\u00eb"},"content":{"rendered":"<p>&nbsp;<\/p>\n<p>Ambasadori i Gjermanis\u00eb n\u00eb Tiran\u00eb, Peter Zingraf, reagon p\u00ebr zgjedhjet parlamentare t\u00eb 25 prillit n\u00eb Shqip\u00ebri. Teksa vler\u00ebson procesin zgjedhor t\u00eb dit\u00ebs s\u00eb diel, duke e cil\u00ebsuar at\u00eb t\u00eb qet\u00eb dhe t\u00eb paqt\u00eb, ambadadori Zingraf thekson se \u201cT\u00eb gjitha akuzat dhe ankesat, q\u00eb kan\u00eb t\u00eb b\u00ebjn\u00eb me zgjedhjet, mes tyre edhe ato p\u00ebr shitblejren e vot\u00ebs, duhet t\u00eb trajtohen pa vones\u00eb dhe me vendosm\u00ebri\u201d.<\/p>\n<p>Deklarata e ambasadorit gjerman:<\/p>\n<p>Dita e zgjedhjeve t\u00eb diel\u00ebn e shkuar rrodhi e qet\u00eb dhe thuajse kudo e paqt\u00eb. Fakti, q\u00eb nj\u00eb num\u00ebr i madh qytetaresh dhe qytetar\u00ebsh shqiptar\u00eb dhan\u00eb vot\u00ebn e tyre, b\u00ebn t\u00eb qart\u00eb d\u00ebshir\u00ebn p\u00ebr t\u00eb bashk\u00ebvendosur.<\/p>\n<p>Kodi i ri zgjedhor e kaloi me sukses testin e tij t\u00eb par\u00eb. Procesi zgjedhor vijoi p\u00ebrgjith\u00ebsisht pa f\u00ebrkime, administrata zgjedhore n\u00eb nivel qendror dhe lokal b\u00ebri nj\u00eb pun\u00eb t\u00eb mir\u00eb \u2013 fal\u00ebnderimi im u takon atyre.<\/p>\n<p>Ne kemi ndjekur raportin paraprak t\u00eb OSBE\/ODIHR dhe jemi duke pritur at\u00eb p\u00ebrfundimtar. T\u00eb gjitha akuzat dhe ankesat, q\u00eb kan\u00eb t\u00eb b\u00ebjn\u00eb me zgjedhjet, mes tyre edhe ato p\u00ebr shitblejren e vot\u00ebs, duhet t\u00eb trajtohen pa vones\u00eb dhe me vendosm\u00ebri \u2013 n\u00eb k\u00ebt\u00eb pik\u00eb Komisioni Qendror i Zgjedhjeve dhe organet e drejt\u00ebsis\u00eb duhet t\u00eb marrin p\u00ebrsip\u00ebr nj\u00eb p\u00ebrgjegj\u00ebsi t\u00eb r\u00ebnd\u00ebsishme.<\/p>\n<p>Vet\u00ebp\u00ebrmbajtja dhe maturia e shum\u00eb kandidateve dhe kandidat\u00ebve dit\u00ebn e zgjedhjeve meriton respekt. Un\u00eb shpresoj q\u00eb t\u00eb gjith\u00eb aktor\u00ebt politik\u00eb t\u00eb ken\u00eb edhe n\u00eb t\u00eb ardhmen nj\u00eb qasje konstruktive dhe bashk\u00ebpunuese ndaj nj\u00ebri-tjetrit. Krahas k\u00ebsaj presim q\u00eb ata t\u00eb njohin rezultatin e zgjedhjeve.<\/p>\n<p>P\u00ebr ne me r\u00ebnd\u00ebsi vendimtare \u00ebsht\u00eb rruga e m\u00ebtejshme e Shqip\u00ebris\u00eb drejt an\u00ebtar\u00ebsimit n\u00eb BE. Un\u00eb pres q\u00eb t\u00eb gjitha partit\u00eb dhe aktor\u00ebt politik\u00eb t\u00eb kontribuojn\u00eb n\u00eb m\u00ebnyr\u00eb aktive n\u00eb k\u00ebt\u00eb drejtim dhe q\u00eb p\u00ebrmes reformash t\u00eb tjera t\u00eb b\u00ebhen hapa p\u00ebrpara.<\/p>\n<p>&nbsp;<\/p>\n","protected":false},"excerpt":{"rendered":"<p>&nbsp; Ambasadori i Gjermanis\u00eb n\u00eb Tiran\u00eb, Peter Zingraf, reagon p\u00ebr zgjedhjet parlamentare t\u00eb 25 prillit n\u00eb Shqip\u00ebri. Teksa vler\u00ebson procesin zgjedhor t\u00eb dit\u00ebs s\u00eb diel, duke e cil\u00ebsuar at\u00eb t\u00eb qet\u00eb dhe t\u00eb paqt\u00eb, ambadadori Zingraf thekson se \u201cT\u00eb gjitha akuzat dhe ankesat, q\u00eb kan\u00eb t\u00eb b\u00ebjn\u00eb me zgjedhjet, mes tyre edhe ato p\u00ebr shitblejren [&hellip;]<\/p>\n","protected":false},"author":2031,"featured_media":180130,"comment_status":"closed","ping_status":"closed","sticky":false,"template":"","format":"standard","meta":{"footnotes":""},"categories":[231,235],"tags":[2732,312,329],"class_list":{"0":"post-180129","1":"post","2":"type-post","3":"status-publish","4":"format-standard","5":"has-post-thumbnail","7":"category-lajme","8":"category-vendi","9":"tag-ambasada-gjermane","10":"tag-lajme","11":"tag-zjarr-tv"},"_links":{"self":[{"href":"https:\/\/zjarr.tv\/sq\/wp-json\/wp\/v2\/posts\/180129","targetHints":{"allow":["GET"]}}],"collection":[{"href":"https:\/\/zjarr.tv\/sq\/wp-json\/wp\/v2\/posts"}],"about":[{"href":"https:\/\/zjarr.tv\/sq\/wp-json\/wp\/v2\/types\/post"}],"author":[{"embeddable":true,"href":"https:\/\/zjarr.tv\/sq\/wp-json\/wp\/v2\/users\/2031"}],"replies":[{"embeddable":true,"href":"https:\/\/zjarr.tv\/sq\/wp-json\/wp\/v2\/comments?post=180129"}],"version-history":[{"count":0,"href":"https:\/\/zjarr.tv\/sq\/wp-json\/wp\/v2\/posts\/180129\/revisions"}],"wp:featuredmedia":[{"embeddable":true,"href":"https:\/\/zjarr.tv\/sq\/wp-json\/wp\/v2\/media\/180130"}],"wp:attachment":[{"href":"https:\/\/zjarr.tv\/sq\/wp-json\/wp\/v2\/media?parent=180129"}],"wp:term":[{"taxonomy":"category","embeddable":true,"href":"https:\/\/zjarr.tv\/sq\/wp-json\/wp\/v2\/categories?post=180129"},{"taxonomy":"post_tag","embeddable":true,"href":"https:\/\/zjarr.tv\/sq\/wp-json\/wp\/v2\/tags?post=180129"}],"curies":[{"name":"wp","href":"https:\/\/api.w.org\/{rel}","templated":true}]}}