{"id":180736,"date":"2021-05-02T17:42:20","date_gmt":"2021-05-02T15:42:20","guid":{"rendered":"https:\/\/zjarr.tv\/?p=180736"},"modified":"2021-05-02T17:42:20","modified_gmt":"2021-05-02T15:42:20","slug":"ngjela-skanon-zgjedhjet-dhe-ben-nje-paralajmerim-te-forte-spak-do-i-nxjerre-emer-per-emer","status":"publish","type":"post","link":"https:\/\/zjarr.tv\/sq\/ngjela-skanon-zgjedhjet-dhe-ben-nje-paralajmerim-te-forte-spak-do-i-nxjerre-emer-per-emer\/","title":{"rendered":"Ngjela skanon zgjedhjet dhe b\u00ebn nj\u00eb paralajm\u00ebrim t\u00eb fort\u00eb: SPAK do i nxjerr\u00eb em\u00ebr p\u00ebr em\u00ebr"},"content":{"rendered":"<p>Nga Spartak Ngjela<\/p>\n<p>Shqip\u00ebria n\u00eb dat\u00ebn 25 prill t\u00eb k\u00ebtij viti, doli nga udh\u00ebkryqi i rreziksh\u00ebm ku u gjend: Berisha, Meta dhe Basha nuk i fituan dot zgjedhjet e 25 prillit.Cili ishte udh\u00ebkryqi?<\/p>\n<p>Udh\u00ebkryqi i rreziksh\u00ebm historik, ishte ky: me Amerik\u00ebn n\u00eb rrug\u00ebn antikorrupsion, apo me Rusin\u00eb n\u00eb shp\u00ebtim t\u00eb korrupsionit Berisha Meta e gjith\u00eb t\u00eb tjer\u00ebve si k\u00ebta?<br \/>\nFitoi rruga e par\u00eb.<\/p>\n<p>Shqiptar\u00ebt pat\u00ebn nj\u00eb mobilizim t\u00eb \u00e7uditsh\u00ebm n\u00eb k\u00ebto zgjedhje, kurse emigracioni shqiptar q\u00ebndronte si i ngrir\u00eb dhe brenda shqet\u00ebsimit t\u00eb vet.Ishte Meta q\u00eb shpalosi hapur antiamerikanizmin e tij galopant, me lavd drejt Rusis\u00eb. Por ishte edhe Basha e Berisha q\u00eb nuk u distancuan prej tij. At\u00ebher\u00eb?<\/p>\n<p>Si\u00e7 duket, k\u00ebta do t\u00eb ken\u00eb pasur shpres\u00eb nga Moska, sepse edhe ambasadori i Rusis\u00eb n\u00eb Tiran\u00eb, dhjet\u00eb dit\u00eb para zgjedhjeve, foli duke th\u00ebn\u00eb: \u201cPo presim ndryshim politik n\u00eb Tiran\u00eb\u201d.<\/p>\n<p>Po \u00e7\u00ebshtja tani mbetet kjo: kaq antishqiptar\u00eb paskan qen\u00eb t\u00eb korruptuarit e degraduar t\u00eb Shqip\u00ebris\u00eb! Sigurisht, k\u00ebshtu u shfaq\u00ebn, si gjithmon\u00eb e nj\u00eblloj si t\u00eb t\u00ebr\u00eb krer\u00ebt e korruptuar n\u00eb t\u00eb gjith\u00eb historin\u00eb e Shqip\u00ebris\u00eb.<\/p>\n<p>\u00cbsht\u00eb akuza p\u00ebr korrupsion q\u00eb pritet t\u2019u vij\u00eb nga SPAK, e cila kuptohet se i ka l\u00ebshuar k\u00ebta t\u00eb korruptuar drejt nj\u00eb fundi t\u00eb till\u00eb, por nuk p\u00ebrjashtohet edhe nj\u00eb aktivitet politik shum\u00ebvje\u00e7ar i tyre n\u00eb k\u00ebt\u00eb rrug\u00eb.<\/p>\n<p>Hetimet e SPAK-ut po pritet q\u00eb ta zbardhin p\u00ebrfundimisht p\u00ebrpara opinionit publik k\u00ebt\u00eb \u00e7\u00ebshtje, em\u00ebr p\u00ebr em\u00ebr. Shqiptar\u00ebt po e presin.<\/p>\n<p>Por, \u00e7far\u00eb do t\u00eb sjell\u00eb tani kjo koh\u00eb n\u00eb Shqip\u00ebri kur mund\u00ebsia p\u00ebr bllokimin e reform\u00ebs antikorrupsion \u00ebsht\u00eb sot nj\u00eb pamund\u00ebsi absolute?<\/p>\n<p>N\u00eb lidhje me k\u00ebt\u00eb pyetje, na duhet t\u00eb theksojm\u00eb se i gjith\u00eb korrupsioni i lart\u00eb shtet\u00ebror, n\u00ebn flamurin e zi t\u00eb banditizmit Meta, u kuptua qart\u00eb se nuk po priste m\u00eb shum\u00eb fitoren e Partis\u00eb Demokratike, sesa motivin p\u00ebr t\u00eb b\u00ebr\u00eb kryengritje. Po cili ishte motivi?<\/p>\n<p>Motivi ishte i paracaktuar, sipas deklarimeve q\u00eb u b\u00ebn\u00eb gjat\u00eb gjith\u00eb muajit prill nga krer\u00ebt e opozit\u00ebs. Ata n\u00eb kor p\u00ebrs\u00ebrit\u00ebn r\u00ebndom gjat\u00eb fushat\u00ebs se: \u201cdo t\u00eb na vjedhin votat; do t\u00eb na grabisin fitoren\u201d.<\/p>\n<p>Dhe kjo ishte arsyeja q\u00eb nj\u00eb pseudo-president si Ilir Meta na tha: \u201cdata 26 prill do t\u00eb jet\u00eb dita e p\u00ebrmbysjes\u201d, por, m\u00eb p\u00ebrpara na kishte th\u00ebn\u00eb se \u201cdo t\u2019iu pres duart vjedh\u00ebsve t\u00eb votave\u201d.<\/p>\n<p>Pik\u00ebrisht p\u00ebr k\u00ebt\u00eb, na duhet t\u00eb pyesim: ka qen\u00eb marr\u00ebzi kjo, apo pritshm\u00ebri? N\u00eb fakt nj\u00eb tablo t\u00eb till\u00eb e pam\u00eb edhe n\u00eb Uashington, para disa muajsh.<\/p>\n<p>Edhe presidenti amerikan Trump, k\u00ebshtu luajti me zgjedhjet presidenciale t\u00eb n\u00ebntorit t\u00eb kaluar, nj\u00eblloj si k\u00ebta tan\u00ebt: me kryengritje paszgjedhore, pasi ai kishte paralajm\u00ebruar manipulimin e zgjedhjeve.<\/p>\n<p>Por, presidenti Biden deklaroi bot\u00ebrisht tani s\u00eb fundmi se, n\u00eb \u00e7\u00ebshtjen Trump, kishte nd\u00ebrhyr\u00eb sh\u00ebrbimi sekret rus. Dhe nd\u00ebrkaq dihet tani se kryengritja Trump u shtyp pa probleme n\u00eb Uashington.<\/p>\n<p>Por, duke i q\u00ebndruar thirrjes s\u00eb Met\u00ebs kund\u00ebr Amerik\u00ebs me p\u00ebrmendjen e raketave ruse, a nuk jemi edhe ne, n\u00eb nj\u00eb rast ngjashm\u00ebrie me \u00e7\u00ebshtjen Trump?!!<\/p>\n<p>Po n\u00eb Tiran\u00eb, ku jan\u00eb tani kalander\u00ebt e kryengritjes?Jan\u00eb fshehur e nuk dalin. Kurse Met\u00ebn, komandantin e kryengritjes, po e shkarkojn\u00eb, dhe Meta tani i q\u00ebnka kthyer respektimit t\u00eb sistemit ligjor. Pse kjo kthes\u00eb?!!<\/p>\n<p>E dini pse? Sepse k\u00ebtu jan\u00eb 8000 trupa t\u00eb ushtris\u00eb amerikane, dhe ende ne nuk e dim\u00eb k\u00ebrc\u00ebnimin q\u00eb ambasadorja amerikane Yuri Kim i b\u00ebri para disa dit\u00ebsh me mesazh Ilir Met\u00ebs. V\u00ebrtet mendonte ky fakir se mund t\u00eb b\u00ebnte nj\u00eb kryengritje proruse n\u00eb nj\u00eb vend t\u00eb Natos?!<\/p>\n<p>Po Rama? T\u00eb shohim, a do ta \u00e7oj\u00eb deri n\u00eb fund shkarkimin e Met\u00ebs k\u00ebt\u00eb her\u00eb?<br \/>\nNuk besoj se \u00ebsht\u00eb n\u00eb dor\u00eb t\u00eb Ram\u00ebs ky proces tani.<\/p>\n<p>Megjithat\u00eb, neutralizimi i forc\u00ebs shkat\u00ebrruese t\u00eb korrupsionit t\u00eb lart\u00eb shtet\u00ebror n\u00eb Shqip\u00ebri, e cila, me motivin fals t\u00eb manipulimit t\u00eb zgjedhjeve, kishte strukturuar destabilizimin e Shqip\u00ebris\u00eb, sigurisht q\u00eb \u00ebsht\u00eb nj\u00eb fitore e madhe.<\/p>\n<p>A e kuptoni tani se kush ka dashur t\u00eb drejtoj\u00eb Shqip\u00ebrin\u00eb? K\u00ebta jan\u00eb ata q\u00eb u hoq\u00ebn si \u201cshp\u00ebtimtar\u00ebt e popullit\u201d dhe jan\u00eb vet\u00eb k\u00ebta k\u00ebrc\u00ebnues me kryengritje q\u00eb tani kuptohet se po ndihen t\u00eb trembur; po \u00e7far\u00eb mund t\u00eb b\u00ebjn\u00eb? Asgj\u00eb.<\/p>\n<p>N\u00eb k\u00ebt\u00eb rast, m\u00eb e drejt\u00eb \u00ebsht\u00eb pyetja: \u00e7do t\u00eb b\u00ebhet k\u00ebtej e n\u00eb vazhdim me ecurin\u00eb e demokracis\u00eb n\u00eb Shqip\u00ebri?<\/p>\n<p>Tani, e gjith\u00eb shpresa e shp\u00ebtimit t\u00eb Shqip\u00ebris\u00eb \u00ebsht\u00eb e p\u00ebrq\u00ebndruar te SPAK-u. A do t\u2019i filloj\u00eb ky n\u00eb Tiran\u00eb proceset penale kund\u00ebr krimit politik t\u00eb korrupsionit t\u00eb lart\u00eb dhe, kund\u00ebr krimit t\u00eb organizuar q\u00eb \u00ebsht\u00eb i lidhur me k\u00ebt\u00eb korrupsion?<\/p>\n<p>Kjo \u00ebsht\u00eb pyetja q\u00eb ngren\u00eb shqiptar\u00ebt sot, t\u00eb lodhur dhe me pesimizmin q\u00eb iu imponon gjendja n\u00eb Shqip\u00ebri.<\/p>\n<p>Po politika amerikane, a e di k\u00ebt\u00eb pritshm\u00ebri t\u00eb opinionit publik shqiptar? Sigurisht q\u00eb e di. Prandaj, pik\u00ebrisht p\u00ebr k\u00ebt\u00eb, ajo duhet t\u00eb shpejtohet dhe, dit\u00eb p\u00ebr dit\u00eb, ta ndihmoj\u00eb pritshm\u00ebrin\u00eb psikologjike t\u00eb shqiptar\u00ebve.<\/p>\n<p>Shqiptar\u00ebt sot jan\u00eb aleat\u00ebt m\u00eb t\u00eb m\u00ebdhenj t\u00eb Shteteve t\u00eb Bashkuara n\u00eb t\u00eb gjith\u00eb bot\u00ebn; sepse analizat tregojn\u00eb q\u00eb, dhe vet\u00eb izraelit\u00ebt jan\u00eb pas shqiptar\u00ebve n\u00eb k\u00ebt\u00eb kategori.<\/p>\n<p>Duke u nisur nga legjislacioni aktual dhe p\u00ebrmendja e rregullt q\u00eb po i b\u00ebn k\u00ebtij fakti politika amerikane, mendoj se goditja do t\u00eb filloj\u00eb shpejt.<\/p>\n<p>Po cila mund t\u00eb jet\u00eb rruga ose ecuria e pritshme antikorrupsion n\u00eb Shqip\u00ebri?<br \/>\nEcuria me etapa t\u00eb shpejta kohore, kuptohet se do t\u00eb jet\u00eb kjo:<\/p>\n<p>Shkarkimi i presidentit Ilir Meta dhe procesi penal kund\u00ebr tij.Po pastaj?<\/p>\n<p>Pastaj, menj\u00ebher\u00eb duhet t\u00eb nis\u00eb hetimi i korrupsionit t\u00eb lart\u00eb shtet\u00ebror.<\/p>\n<p>Tani q\u00eb dosjet jan\u00eb gati, SPAK q\u00eb po drejtohet nga ekspert\u00ebt amerikan\u00eb, si do t\u00eb operoj\u00eb?<br \/>\nKjo pritet p\u00ebr t\u2019u par\u00eb gjat\u00eb k\u00ebtij muaji.<\/p>\n","protected":false},"excerpt":{"rendered":"<p>Nga Spartak Ngjela Shqip\u00ebria n\u00eb dat\u00ebn 25 prill t\u00eb k\u00ebtij viti, doli nga udh\u00ebkryqi i rreziksh\u00ebm ku u gjend: Berisha, Meta dhe Basha nuk i fituan dot zgjedhjet e 25 prillit.Cili ishte udh\u00ebkryqi? Udh\u00ebkryqi i rreziksh\u00ebm historik, ishte ky: me Amerik\u00ebn n\u00eb rrug\u00ebn antikorrupsion, apo me Rusin\u00eb n\u00eb shp\u00ebtim t\u00eb korrupsionit Berisha Meta e gjith\u00eb [&hellip;]<\/p>\n","protected":false},"author":2031,"featured_media":178573,"comment_status":"closed","ping_status":"closed","sticky":false,"template":"","format":"standard","meta":{"footnotes":""},"categories":[364],"tags":[312,286,329],"class_list":{"0":"post-180736","1":"post","2":"type-post","3":"status-publish","4":"format-standard","5":"has-post-thumbnail","7":"category-koment-opinion","8":"tag-lajme","9":"tag-spartak-ngjela","10":"tag-zjarr-tv"},"_links":{"self":[{"href":"https:\/\/zjarr.tv\/sq\/wp-json\/wp\/v2\/posts\/180736","targetHints":{"allow":["GET"]}}],"collection":[{"href":"https:\/\/zjarr.tv\/sq\/wp-json\/wp\/v2\/posts"}],"about":[{"href":"https:\/\/zjarr.tv\/sq\/wp-json\/wp\/v2\/types\/post"}],"author":[{"embeddable":true,"href":"https:\/\/zjarr.tv\/sq\/wp-json\/wp\/v2\/users\/2031"}],"replies":[{"embeddable":true,"href":"https:\/\/zjarr.tv\/sq\/wp-json\/wp\/v2\/comments?post=180736"}],"version-history":[{"count":0,"href":"https:\/\/zjarr.tv\/sq\/wp-json\/wp\/v2\/posts\/180736\/revisions"}],"wp:featuredmedia":[{"embeddable":true,"href":"https:\/\/zjarr.tv\/sq\/wp-json\/wp\/v2\/media\/178573"}],"wp:attachment":[{"href":"https:\/\/zjarr.tv\/sq\/wp-json\/wp\/v2\/media?parent=180736"}],"wp:term":[{"taxonomy":"category","embeddable":true,"href":"https:\/\/zjarr.tv\/sq\/wp-json\/wp\/v2\/categories?post=180736"},{"taxonomy":"post_tag","embeddable":true,"href":"https:\/\/zjarr.tv\/sq\/wp-json\/wp\/v2\/tags?post=180736"}],"curies":[{"name":"wp","href":"https:\/\/api.w.org\/{rel}","templated":true}]}}