{"id":180749,"date":"2021-05-02T17:54:44","date_gmt":"2021-05-02T15:54:44","guid":{"rendered":"https:\/\/zjarr.tv\/?p=180749"},"modified":"2021-05-02T17:54:44","modified_gmt":"2021-05-02T15:54:44","slug":"andi-lila-krah-bashes-dita-e-ndryshimit-erdhi-si-mallkim-por-jemi-me-ty-uragani-sdo-ndalet","status":"publish","type":"post","link":"https:\/\/zjarr.tv\/sq\/andi-lila-krah-bashes-dita-e-ndryshimit-erdhi-si-mallkim-por-jemi-me-ty-uragani-sdo-ndalet\/","title":{"rendered":"Andi Lila krah Bash\u00ebs: Dita e ndryshimit erdhi si mallkim, por jemi me ty, uragani s\u2019do ndalet"},"content":{"rendered":"<p>Koordinatori Komb\u00ebtar p\u00ebr Sportin p\u00ebr Partin\u00eb Demokratike Andi Lila, ndryshe nga segmente t\u00eb caktuara brenda PD-s\u00eb, shpreh mb\u00ebshtetjen dhe besnik\u00ebrin\u00eb p\u00ebr kryetarin e PD-s\u00eb, Lulzim Basha p\u00ebr t\u00eb vijuar betej\u00ebn kund\u00ebr qeveris\u00eb Rama p\u00ebr t\u00eb ardhur n\u00eb pushtet. N\u00eb nj\u00eb postim n\u00eb rrjetet sociale, Lila thot\u00eb se demokrat\u00ebt u soll\u00ebn si europian\u00eb, por u shp\u00ebrblyen si mesjet\u00ebn barbare.<\/p>\n<p>\u201cMe privilegjin q\u00eb z.Basha dhe Partia Demokratike m\u00eb dhan\u00eb si Koordinator Komb\u00ebtar i Sportit, kudo ku shkuam, k\u00ebdo q\u00eb takuam, vet\u00ebm shk\u00eblqimin e shpres\u00ebs, t\u00eb optimizmit, ndryshimit e perspektiv\u00ebs me syt\u00eb tona v\u00ebshtruam gjithkund.<\/p>\n<p>Por dita e ndryshimit t\u00eb madh erdhi si nj\u00eb mallkim, shkaktuar nga manipulimi i pamatsh\u00ebm, dhuna e bandave t\u00eb ushqyera nga tregu zyrtar i hashashit, shtypja e presioni i administrates, makineria e oligark\u00ebve furnizuar me parat\u00eb e siguruara prej taksave publike, policia e drejt\u00ebsia n\u00eb k\u00ebmb\u00eb p\u00ebr t\u00eb avokuar kriminel\u00ebt. Ato i pushkatuan zgjedhjet e lira si askund n\u00eb bot\u00eb e askush n\u00eb trojet shqiptare.<\/p>\n<p>Ato grabit\u00ebn shpres\u00ebn, t\u00eb ardhmen e f\u00ebmij\u00ebve tan\u00eb. U soll\u00ebm si europiane, por u shperblyem si n\u00eb mesjet\u00ebn barbare. Por, ne n\u00eb tok\u00eb kurr\u00eb nuk ram\u00eb. Sfida e v\u00ebrtet\u00eb sa ka nisur. Partia Demokratike, gjith\u00eb demokrat\u00ebt e bashkuar me z.Basha n\u00eb krye, do ja dalim n\u00eb p\u00ebrballjen me k\u00ebta manipulator\u00eb.<\/p>\n<p>Ne do ju mb\u00ebshtetim, sepse uragani popull tashm\u00eb nuk do ndalet, s\u00eb bashku do i prijm\u00eb. Ne jemi k\u00ebtu,do t\u00eb jemi k\u00ebtu,n\u00eb mbrojtje t\u00eb demokracis\u00eb, sepse ne jemi shqiptar\u00eb dhe ve\u00e7 gjuh\u00ebn amtare flasim\u201d shkruan ai.<\/p>\n","protected":false},"excerpt":{"rendered":"<p>Koordinatori Komb\u00ebtar p\u00ebr Sportin p\u00ebr Partin\u00eb Demokratike Andi Lila, ndryshe nga segmente t\u00eb caktuara brenda PD-s\u00eb, shpreh mb\u00ebshtetjen dhe besnik\u00ebrin\u00eb p\u00ebr kryetarin e PD-s\u00eb, Lulzim Basha p\u00ebr t\u00eb vijuar betej\u00ebn kund\u00ebr qeveris\u00eb Rama p\u00ebr t\u00eb ardhur n\u00eb pushtet. N\u00eb nj\u00eb postim n\u00eb rrjetet sociale, Lila thot\u00eb se demokrat\u00ebt u soll\u00ebn si europian\u00eb, por u shp\u00ebrblyen [&hellip;]<\/p>\n","protected":false},"author":2031,"featured_media":180750,"comment_status":"closed","ping_status":"closed","sticky":false,"template":"","format":"standard","meta":{"footnotes":""},"categories":[231],"tags":[2827,312,329],"class_list":{"0":"post-180749","1":"post","2":"type-post","3":"status-publish","4":"format-standard","5":"has-post-thumbnail","7":"category-lajme","8":"tag-andi-lila","9":"tag-lajme","10":"tag-zjarr-tv"},"_links":{"self":[{"href":"https:\/\/zjarr.tv\/sq\/wp-json\/wp\/v2\/posts\/180749","targetHints":{"allow":["GET"]}}],"collection":[{"href":"https:\/\/zjarr.tv\/sq\/wp-json\/wp\/v2\/posts"}],"about":[{"href":"https:\/\/zjarr.tv\/sq\/wp-json\/wp\/v2\/types\/post"}],"author":[{"embeddable":true,"href":"https:\/\/zjarr.tv\/sq\/wp-json\/wp\/v2\/users\/2031"}],"replies":[{"embeddable":true,"href":"https:\/\/zjarr.tv\/sq\/wp-json\/wp\/v2\/comments?post=180749"}],"version-history":[{"count":0,"href":"https:\/\/zjarr.tv\/sq\/wp-json\/wp\/v2\/posts\/180749\/revisions"}],"wp:featuredmedia":[{"embeddable":true,"href":"https:\/\/zjarr.tv\/sq\/wp-json\/wp\/v2\/media\/180750"}],"wp:attachment":[{"href":"https:\/\/zjarr.tv\/sq\/wp-json\/wp\/v2\/media?parent=180749"}],"wp:term":[{"taxonomy":"category","embeddable":true,"href":"https:\/\/zjarr.tv\/sq\/wp-json\/wp\/v2\/categories?post=180749"},{"taxonomy":"post_tag","embeddable":true,"href":"https:\/\/zjarr.tv\/sq\/wp-json\/wp\/v2\/tags?post=180749"}],"curies":[{"name":"wp","href":"https:\/\/api.w.org\/{rel}","templated":true}]}}