{"id":181755,"date":"2021-05-10T07:34:34","date_gmt":"2021-05-10T05:34:34","guid":{"rendered":"https:\/\/zjarr.tv\/?p=181755"},"modified":"2021-05-10T07:35:39","modified_gmt":"2021-05-10T05:35:39","slug":"shteti-e-harroi-emigranti-rinderton-kishen-2-shekullore-ne-mirditefoto","status":"publish","type":"post","link":"https:\/\/zjarr.tv\/sq\/shteti-e-harroi-emigranti-rinderton-kishen-2-shekullore-ne-mirditefoto\/","title":{"rendered":"Shteti e harroi, emigranti rind\u00ebrton kish\u00ebn 2 shekullore n\u00eb Mirdit\u00eb(Foto)"},"content":{"rendered":"<p>Kisha e Sh\u00eblbuemit n\u00eb Selit\u00eb t\u00eb Mirdit\u00ebs, e cila \u00ebsht\u00eb nd\u00ebrtuar rreth viteve 1830 \u00ebsht\u00eb rikthyer n\u00eb identitet dhe pritet t\u00eb hap\u00eb dyert p\u00ebr besimtar\u00ebt e krishter\u00eb, pik\u00ebrisht n\u00eb dit\u00ebn e fest\u00ebs s\u00eb Sh\u00eblbuemit n\u00eb 13 maj.<\/p>\n<p>Shteti Shqiptar dhe Bashkia Mirdit\u00eb, prej 7 dekadash e kishin l\u00ebn\u00eb n\u00eb harres\u00eb k\u00ebt\u00eb objekt kulti me vlera t\u00eb rralla historike t\u00eb trash\u00ebgimis\u00eb kulturore, teksa pas shembjes nga regjimi komunist, kish\u00ebs i kishin mbetur themelet dhe pak mure an\u00ebsore.<\/p>\n<p>Kjo nuk i pengoi banor\u00ebt e fshatrave t\u00eb Selit\u00ebs q\u00eb edhe p\u00ebrgjat\u00eb diktatur\u00ebs t\u00eb shkonin n\u00eb kish\u00eb, p\u00ebr t\u00eb kryer ritet fetare si t\u00eb par\u00ebt e tyre, teksa pas demokracis\u00eb u rikthyen ritualet fetare, tashm\u00eb n\u00eb liri.<\/p>\n<p>N\u00eb nj\u00eb koh\u00eb kur shteti dhe institucionet hesht\u00ebn p\u00ebr vite me radh\u00eb, p\u00ebr t\u00eb rikthyer k\u00ebt\u00eb objekt kulti n\u00eb identitet mendoi familja e Nikoll Bushkol\u00ebs, i cili s\u00eb bashku me djalin e tij Agustinin dhe v\u00ebllez\u00ebrit e tjer\u00eb, vendos\u00ebn q\u00eb me nj\u00eb pjes\u00eb t\u00eb kursimeve t\u00eb fituara n\u00eb emigracion t\u00eb rind\u00ebrtonin k\u00ebt\u00eb kish\u00eb.<\/p>\n<p>Pun\u00ebtor\u00ebt q\u00eb mor\u00ebn p\u00ebrsip\u00ebr nd\u00ebrtimin e kish\u00ebs ve\u00e7 banor\u00ebve t\u00eb zon\u00ebs, jan\u00eb edhe banor\u00eb t\u00eb besimit mysliman t\u00eb Dibr\u00ebs e Matit, t\u00eb njohur p\u00ebr bashk\u00ebjetes\u00ebn n\u00eb harmoni me v\u00ebllez\u00ebrit e tyre mirditor\u00eb dhe mjesht\u00ebra t\u00eb punimit t\u00eb gurit.<\/p>\n<p>N\u00eb foto duket objekti i rind\u00ebrtuar, q\u00eb tashm\u00eb do hap\u00eb dyert p\u00ebr besimtar\u00ebt katolik\u00eb nga mbar\u00eb Mirdita e Shqip\u00ebria.<\/p>\n<p><img loading=\"lazy\" decoding=\"async\" class=\"alignnone size-full wp-image-181757\" src=\"https:\/\/zjarr.tv\/wp-content\/uploads\/2021\/05\/foto-1.jpg\" alt=\"\" width=\"900\" height=\"1600\" \/><\/p>\n<p>&nbsp;<\/p>\n","protected":false},"excerpt":{"rendered":"<p>Kisha e Sh\u00eblbuemit n\u00eb Selit\u00eb t\u00eb Mirdit\u00ebs, e cila \u00ebsht\u00eb nd\u00ebrtuar rreth viteve 1830 \u00ebsht\u00eb rikthyer n\u00eb identitet dhe pritet t\u00eb hap\u00eb dyert p\u00ebr besimtar\u00ebt e krishter\u00eb, pik\u00ebrisht n\u00eb dit\u00ebn e fest\u00ebs s\u00eb Sh\u00eblbuemit n\u00eb 13 maj. Shteti Shqiptar dhe Bashkia Mirdit\u00eb, prej 7 dekadash e kishin l\u00ebn\u00eb n\u00eb harres\u00eb k\u00ebt\u00eb objekt kulti me vlera [&hellip;]<\/p>\n","protected":false},"author":2016,"featured_media":181759,"comment_status":"closed","ping_status":"closed","sticky":false,"template":"","format":"standard","meta":{"footnotes":""},"categories":[241],"tags":[2970],"class_list":{"0":"post-181755","1":"post","2":"type-post","3":"status-publish","4":"format-standard","5":"has-post-thumbnail","7":"category-aktualitet","8":"tag-lajme-zjarr-emigranti-rinderton-kishen-2-shekullore-zjarer-tv"},"_links":{"self":[{"href":"https:\/\/zjarr.tv\/sq\/wp-json\/wp\/v2\/posts\/181755","targetHints":{"allow":["GET"]}}],"collection":[{"href":"https:\/\/zjarr.tv\/sq\/wp-json\/wp\/v2\/posts"}],"about":[{"href":"https:\/\/zjarr.tv\/sq\/wp-json\/wp\/v2\/types\/post"}],"author":[{"embeddable":true,"href":"https:\/\/zjarr.tv\/sq\/wp-json\/wp\/v2\/users\/2016"}],"replies":[{"embeddable":true,"href":"https:\/\/zjarr.tv\/sq\/wp-json\/wp\/v2\/comments?post=181755"}],"version-history":[{"count":0,"href":"https:\/\/zjarr.tv\/sq\/wp-json\/wp\/v2\/posts\/181755\/revisions"}],"wp:featuredmedia":[{"embeddable":true,"href":"https:\/\/zjarr.tv\/sq\/wp-json\/wp\/v2\/media\/181759"}],"wp:attachment":[{"href":"https:\/\/zjarr.tv\/sq\/wp-json\/wp\/v2\/media?parent=181755"}],"wp:term":[{"taxonomy":"category","embeddable":true,"href":"https:\/\/zjarr.tv\/sq\/wp-json\/wp\/v2\/categories?post=181755"},{"taxonomy":"post_tag","embeddable":true,"href":"https:\/\/zjarr.tv\/sq\/wp-json\/wp\/v2\/tags?post=181755"}],"curies":[{"name":"wp","href":"https:\/\/api.w.org\/{rel}","templated":true}]}}