{"id":182788,"date":"2021-05-16T19:04:02","date_gmt":"2021-05-16T17:04:02","guid":{"rendered":"https:\/\/zjarr.tv\/?p=182788"},"modified":"2021-05-16T19:04:02","modified_gmt":"2021-05-16T17:04:02","slug":"protesta-pro-palestines-ne-sheshin-skenderbej-policia-shoqeron-disa-qytetare","status":"publish","type":"post","link":"https:\/\/zjarr.tv\/sq\/protesta-pro-palestines-ne-sheshin-skenderbej-policia-shoqeron-disa-qytetare\/","title":{"rendered":"Protesta pro Palestin\u00ebs n\u00eb sheshin \u201cSk\u00ebnderbej\u201d, policia shoq\u00ebron disa qytetar\u00eb"},"content":{"rendered":"<p style=\"background: white; margin: 0in 0in 19.5pt 0in;\">N\u00eb sheshin \u201cSk\u00ebnderbej\u201d \u00ebsht\u00eb duke u zhvilluar nj\u00eb protest\u00eb e qytetar\u00ebve shqiptar\u00eb pro Palestin\u00ebs, pas konflikteve t\u00eb armatosura t\u00eb palestinez\u00ebve me izraelit\u00ebt.<br style=\"-webkit-tap-highlight-color: transparent !important; box-sizing: border-box;\" \/><br style=\"-webkit-tap-highlight-color: transparent !important; box-sizing: border-box;\" \/>Por protestuesit nuk jan\u00eb lejuar nga policia, me k\u00ebta t\u00eb fundit q\u00eb shprehen se nuk lejohen tubimet p\u00ebr shkak t\u00eb pandemis\u00eb.<br style=\"-webkit-tap-highlight-color: transparent !important; box-sizing: border-box;\" \/><br style=\"-webkit-tap-highlight-color: transparent !important; box-sizing: border-box;\" \/>disa protestues jan\u00eb shoq\u00ebruar n\u00eb polici, teksa ka patur edhe p\u00ebrplasje fizike mes qytetar\u00ebev dhe efektiv\u00ebve t\u00eb policis\u00eb.<br style=\"-webkit-tap-highlight-color: transparent !important; box-sizing: border-box;\" \/><br style=\"-webkit-tap-highlight-color: transparent !important; box-sizing: border-box;\" \/>\u201c<em>K\u00ebta jan\u00eb shtet q\u00eb qeverisin n\u00eb m\u00ebnyr\u00eb t\u00eb padrejt\u00eb, po p\u00ebrkrahin \u00e7ifut\u00ebt p\u00ebr masakrat q\u00eb po b\u00ebhen ndaj popullit palestinez.<\/em><\/p>\n<p style=\"background: white; -webkit-tap-highlight-color: transparent !important; box-sizing: border-box; overflow-wrap: break-word; font-variant-ligatures: normal; font-variant-caps: normal; orphans: 2; widows: 2; -webkit-text-stroke-width: 0px; text-decoration-thickness: initial; text-decoration-style: initial; text-decoration-color: initial; word-spacing: 0px; margin: 0in 0in 19.5pt 0in;\"><em>Ne kemi ardhur t\u00eb protestojm\u00eb n\u00eb m\u00ebnyr\u00eb paq\u00ebsore p\u00ebr ata gra dhe f\u00ebmij\u00eb q\u00eb vriten n\u00eb m\u00ebnyr\u00eb t\u00eb padrejt\u00eb dhe k\u00ebta nuk na lejn\u00eb t\u00eb protestojm\u00eb.<\/em><\/p>\n<p style=\"background: white; -webkit-tap-highlight-color: transparent !important; box-sizing: border-box; overflow-wrap: break-word; font-variant-ligatures: normal; font-variant-caps: normal; orphans: 2; widows: 2; -webkit-text-stroke-width: 0px; text-decoration-thickness: initial; text-decoration-style: initial; text-decoration-color: initial; word-spacing: 0px; margin: 0in 0in 19.5pt 0in;\"><em>Kam nj\u00eb pyetje, erdh\u00ebm me pankarta n\u00eb duar, a ka p\u00ebrse k\u00ebta t\u00eb m\u00eb arestojn\u00eb pa arsye vet\u00ebm p\u00ebrse un\u00eb protestoj n\u00eb mbrojtje t\u00eb Palestin\u00ebs\u201d,<\/em> u shpreh nj\u00ebri prej t\u00eb shoq\u00ebruarve n\u00eb polici.<\/p>\n","protected":false},"excerpt":{"rendered":"<p>N\u00eb sheshin \u201cSk\u00ebnderbej\u201d \u00ebsht\u00eb duke u zhvilluar nj\u00eb protest\u00eb e qytetar\u00ebve shqiptar\u00eb pro Palestin\u00ebs, pas konflikteve t\u00eb armatosura t\u00eb palestinez\u00ebve me izraelit\u00ebt.Por protestuesit nuk jan\u00eb lejuar nga policia, me k\u00ebta t\u00eb fundit q\u00eb shprehen se nuk lejohen tubimet p\u00ebr shkak t\u00eb pandemis\u00eb.disa protestues jan\u00eb shoq\u00ebruar n\u00eb polici, teksa ka patur edhe p\u00ebrplasje fizike mes qytetar\u00ebev [&hellip;]<\/p>\n","protected":false},"author":2030,"featured_media":182789,"comment_status":"closed","ping_status":"closed","sticky":false,"template":"","format":"standard","meta":{"footnotes":""},"categories":[241],"tags":[],"class_list":{"0":"post-182788","1":"post","2":"type-post","3":"status-publish","4":"format-standard","5":"has-post-thumbnail","7":"category-aktualitet"},"_links":{"self":[{"href":"https:\/\/zjarr.tv\/sq\/wp-json\/wp\/v2\/posts\/182788","targetHints":{"allow":["GET"]}}],"collection":[{"href":"https:\/\/zjarr.tv\/sq\/wp-json\/wp\/v2\/posts"}],"about":[{"href":"https:\/\/zjarr.tv\/sq\/wp-json\/wp\/v2\/types\/post"}],"author":[{"embeddable":true,"href":"https:\/\/zjarr.tv\/sq\/wp-json\/wp\/v2\/users\/2030"}],"replies":[{"embeddable":true,"href":"https:\/\/zjarr.tv\/sq\/wp-json\/wp\/v2\/comments?post=182788"}],"version-history":[{"count":0,"href":"https:\/\/zjarr.tv\/sq\/wp-json\/wp\/v2\/posts\/182788\/revisions"}],"wp:featuredmedia":[{"embeddable":true,"href":"https:\/\/zjarr.tv\/sq\/wp-json\/wp\/v2\/media\/182789"}],"wp:attachment":[{"href":"https:\/\/zjarr.tv\/sq\/wp-json\/wp\/v2\/media?parent=182788"}],"wp:term":[{"taxonomy":"category","embeddable":true,"href":"https:\/\/zjarr.tv\/sq\/wp-json\/wp\/v2\/categories?post=182788"},{"taxonomy":"post_tag","embeddable":true,"href":"https:\/\/zjarr.tv\/sq\/wp-json\/wp\/v2\/tags?post=182788"}],"curies":[{"name":"wp","href":"https:\/\/api.w.org\/{rel}","templated":true}]}}