{"id":182809,"date":"2021-05-17T07:13:36","date_gmt":"2021-05-17T05:13:36","guid":{"rendered":"https:\/\/zjarr.tv\/?p=182809"},"modified":"2021-05-17T07:13:36","modified_gmt":"2021-05-17T05:13:36","slug":"jozefina-topalli-ose-majlinda-bregu-perballe-lulzim-bashes-ne-garen-per-kreun-e-pd","status":"publish","type":"post","link":"https:\/\/zjarr.tv\/sq\/jozefina-topalli-ose-majlinda-bregu-perballe-lulzim-bashes-ne-garen-per-kreun-e-pd\/","title":{"rendered":"Jozefina Topalli ose Majlinda Bregu p\u00ebrball\u00eb Lulzim Bash\u00ebs, n\u00eb gar\u00ebn p\u00ebr kreun e PD\u2026"},"content":{"rendered":"<p>Nj\u00eb kandidatur\u00eb e fort\u00eb p\u00ebrball\u00eb Lulzim Bash\u00ebs, pritet t\u00eb nxirret nga grupi anti-Basha, p\u00ebr Zgjedhjet e Kryetarit t\u00eb ri.<\/p>\n<p>Pas humbjes s\u00eb Partis\u00eb Demokratike n\u00eb Zgjedhjet e 25 Prillit, t\u00eb shumt\u00eb kan\u00eb qen\u00eb z\u00ebrat kund\u00ebr Bash\u00ebs. Figura t\u00eb r\u00ebnd\u00ebsishme t\u00eb k\u00ebsaj force politike kan\u00eb k\u00ebrkuar menj\u00ebher\u00eb largimin e kryedemokratit.<\/p>\n<p>Por sipas burimeve t\u00eb gazet\u00ebs \u201cKoha Jon\u00eb\u201d, grupimet anti-Basha me politikan\u00eb si Arben Imami, Bujar Nishani etj, po mendojn\u00eb q\u00eb mes Majlinda Bregut dhe Jozefina Topallit, t\u00eb zgjedhin nj\u00ebr\u00ebn prej tyre q\u00eb do t\u00eb garoj\u00eb p\u00ebrball\u00eb Bash\u00ebs p\u00ebr kreun e Partis\u00eb.<\/p>\n<p>Majlinda Bregu \u00ebsht\u00eb figur\u00eb e lart\u00eb, pasi sot ajo punon si drejtore p\u00ebr Ballkanin Per\u00ebndimor n\u00eb var\u00ebsi t\u00eb BE.<\/p>\n<p>Po t\u00eb nj\u00ebjtat burime, than\u00eb se nuk \u00ebsht\u00eb \u00e7udi q\u00eb nj\u00eb prej an\u00ebtar\u00ebve t\u00eb kryesis\u00eb s\u00eb PD, t\u00eb dal\u00eb kandidat kund\u00ebr Lulzim Bash\u00ebs.<\/p>\n<p>&nbsp;<\/p>\n","protected":false},"excerpt":{"rendered":"<p>Nj\u00eb kandidatur\u00eb e fort\u00eb p\u00ebrball\u00eb Lulzim Bash\u00ebs, pritet t\u00eb nxirret nga grupi anti-Basha, p\u00ebr Zgjedhjet e Kryetarit t\u00eb ri. Pas humbjes s\u00eb Partis\u00eb Demokratike n\u00eb Zgjedhjet e 25 Prillit, t\u00eb shumt\u00eb kan\u00eb qen\u00eb z\u00ebrat kund\u00ebr Bash\u00ebs. Figura t\u00eb r\u00ebnd\u00ebsishme t\u00eb k\u00ebsaj force politike kan\u00eb k\u00ebrkuar menj\u00ebher\u00eb largimin e kryedemokratit. Por sipas burimeve t\u00eb gazet\u00ebs \u201cKoha [&hellip;]<\/p>\n","protected":false},"author":2016,"featured_media":182811,"comment_status":"closed","ping_status":"closed","sticky":false,"template":"","format":"standard","meta":{"footnotes":""},"categories":[241,1454],"tags":[3086],"class_list":{"0":"post-182809","1":"post","2":"type-post","3":"status-publish","4":"format-standard","5":"has-post-thumbnail","7":"category-aktualitet","8":"category-politike","9":"tag-lajme-zjarr-topalli-ose-bregu-perballe-lulzim-bashes-zjarr-tv"},"_links":{"self":[{"href":"https:\/\/zjarr.tv\/sq\/wp-json\/wp\/v2\/posts\/182809","targetHints":{"allow":["GET"]}}],"collection":[{"href":"https:\/\/zjarr.tv\/sq\/wp-json\/wp\/v2\/posts"}],"about":[{"href":"https:\/\/zjarr.tv\/sq\/wp-json\/wp\/v2\/types\/post"}],"author":[{"embeddable":true,"href":"https:\/\/zjarr.tv\/sq\/wp-json\/wp\/v2\/users\/2016"}],"replies":[{"embeddable":true,"href":"https:\/\/zjarr.tv\/sq\/wp-json\/wp\/v2\/comments?post=182809"}],"version-history":[{"count":0,"href":"https:\/\/zjarr.tv\/sq\/wp-json\/wp\/v2\/posts\/182809\/revisions"}],"wp:featuredmedia":[{"embeddable":true,"href":"https:\/\/zjarr.tv\/sq\/wp-json\/wp\/v2\/media\/182811"}],"wp:attachment":[{"href":"https:\/\/zjarr.tv\/sq\/wp-json\/wp\/v2\/media?parent=182809"}],"wp:term":[{"taxonomy":"category","embeddable":true,"href":"https:\/\/zjarr.tv\/sq\/wp-json\/wp\/v2\/categories?post=182809"},{"taxonomy":"post_tag","embeddable":true,"href":"https:\/\/zjarr.tv\/sq\/wp-json\/wp\/v2\/tags?post=182809"}],"curies":[{"name":"wp","href":"https:\/\/api.w.org\/{rel}","templated":true}]}}