{"id":182812,"date":"2021-05-17T07:26:35","date_gmt":"2021-05-17T05:26:35","guid":{"rendered":"https:\/\/zjarr.tv\/?p=182812"},"modified":"2021-05-17T07:26:35","modified_gmt":"2021-05-17T05:26:35","slug":"astrit-patozi-flet-per-zgjedhjet-per-kryetarin-e-ri-te-pd-nje-falenderim-per-lulin-dhe-doktorin","status":"publish","type":"post","link":"https:\/\/zjarr.tv\/sq\/astrit-patozi-flet-per-zgjedhjet-per-kryetarin-e-ri-te-pd-nje-falenderim-per-lulin-dhe-doktorin\/","title":{"rendered":"Astrit Patozi flet per Zgjedhjet p\u00ebr kryetarin e ri t\u00eb PD: Nj\u00eb falenderim p\u00ebr Lulin dhe Doktorin\u2026"},"content":{"rendered":"<p>N\u00eb lidhje me vendimin e kryesis\u00eb s\u00eb Partis\u00eb Demokratike, p\u00ebr zgjedhje m\u00eb 13 qershor p\u00ebr t\u00eb zgjedhur kreun e ri t\u00eb partis\u00eb, ka reaguar dhe Astrit Patozi.<\/p>\n<p>N\u00ebp\u00ebrmjet nj\u00eb postimi n\u00eb rrjetin social Facebook, Patozi ka ironizuar duke falenderuar doktorin dhe Lulin p\u00ebr ndryshimin e 22 korrikut, q\u00eb sipas tij mendonte se nuk do t\u00eb ndryshonte kurr\u00eb.<\/p>\n<p><strong>Reagimi:<\/strong><\/p>\n<p>NJ\u00cb FALENDERIM P\u00cbR LULIN DHE DOKTORIN<\/p>\n<p>P\u00ebr ata q\u00eb nuk e din\u00eb apo nuk e mbajn\u00eb mend, 22 korriku \u00ebsht\u00eb dit\u00eblindja ime dhe kam qen\u00eb un\u00eb, q\u00eb e kam propozuar t\u00eb jet\u00eb dita e zgjedhjeve p\u00ebr kryetarin e PD n\u00eb vitin 2013. Asokohe mbaj mend bezdin\u00eb e Sali Berish\u00ebs me kok\u00ebn ulur n\u00eb mbledhjen e kryesis\u00eb, por edhe ia njoh \u201cmerit\u00ebn\u201d, q\u00eb nuk e kund\u00ebrshtoi, sepse ndoshta t\u00eb tilla ishin rrethanat. Nd\u00ebrsa sot i falenderoj t\u00eb dy nj\u00ebkoh\u00ebsisht, Lulzim Bash\u00ebn dhe doktorin, p\u00ebr vendimin e tyre t\u00eb fundit q\u00eb zgjedhjet p\u00ebr kryetarin e PD do t\u00eb zhvillohen m\u00eb 13 qershor.<\/p>\n<p>T\u00eb pakt\u00ebn m\u00eb kan\u00eb hequr nj\u00eb siklet t\u00eb madh. Sepse m\u00eb ishte krijuar bindja se deri sa t\u00eb vdisja, do t\u00eb duroja q\u00eb nj\u00eb her\u00eb n\u00eb kat\u00ebr vjet dhe \u00e7do 22 korrik, t\u00eb merrja njoftimin e rizgjedhjes s\u00eb Lulzim Bash\u00ebs, si kryetar t\u00eb Partis\u00eb Demokratike (pas humbjes). T\u00eb pakt\u00ebn 22 korriku, nuk do t\u00eb jet\u00eb m\u00eb dat\u00eb historike dhe kjo nuk \u00ebsht\u00eb arritje e vog\u00ebl. Sa p\u00ebr ata q\u00eb do t\u00eb ndjekin dhe do t\u00eb mb\u00ebshtesin procesin e 13 qershorit, nuk kam asnj\u00eb koment. Midis tyre dhe Lulit me doktorin, do t\u00eb zgjidhja gjithmon\u00eb k\u00ebta t\u00eb dyt\u00ebt. Por un\u00eb e kam marr\u00eb tashm\u00eb prej koh\u00ebsh vendimin, nuk zgjedh asnj\u00ebrin prej tyre, ndaj edhe jam jasht\u00eb \u00e7do interesi.<\/p>\n<p>&nbsp;<\/p>\n","protected":false},"excerpt":{"rendered":"<p>N\u00eb lidhje me vendimin e kryesis\u00eb s\u00eb Partis\u00eb Demokratike, p\u00ebr zgjedhje m\u00eb 13 qershor p\u00ebr t\u00eb zgjedhur kreun e ri t\u00eb partis\u00eb, ka reaguar dhe Astrit Patozi. N\u00ebp\u00ebrmjet nj\u00eb postimi n\u00eb rrjetin social Facebook, Patozi ka ironizuar duke falenderuar doktorin dhe Lulin p\u00ebr ndryshimin e 22 korrikut, q\u00eb sipas tij mendonte se nuk do t\u00eb [&hellip;]<\/p>\n","protected":false},"author":2016,"featured_media":182814,"comment_status":"closed","ping_status":"closed","sticky":false,"template":"","format":"standard","meta":{"footnotes":""},"categories":[241],"tags":[3087],"class_list":{"0":"post-182812","1":"post","2":"type-post","3":"status-publish","4":"format-standard","5":"has-post-thumbnail","7":"category-aktualitet","8":"tag-lajme-zjarr-patozi-flet-per-zgjedhjet-zjarr-tv"},"_links":{"self":[{"href":"https:\/\/zjarr.tv\/sq\/wp-json\/wp\/v2\/posts\/182812","targetHints":{"allow":["GET"]}}],"collection":[{"href":"https:\/\/zjarr.tv\/sq\/wp-json\/wp\/v2\/posts"}],"about":[{"href":"https:\/\/zjarr.tv\/sq\/wp-json\/wp\/v2\/types\/post"}],"author":[{"embeddable":true,"href":"https:\/\/zjarr.tv\/sq\/wp-json\/wp\/v2\/users\/2016"}],"replies":[{"embeddable":true,"href":"https:\/\/zjarr.tv\/sq\/wp-json\/wp\/v2\/comments?post=182812"}],"version-history":[{"count":0,"href":"https:\/\/zjarr.tv\/sq\/wp-json\/wp\/v2\/posts\/182812\/revisions"}],"wp:featuredmedia":[{"embeddable":true,"href":"https:\/\/zjarr.tv\/sq\/wp-json\/wp\/v2\/media\/182814"}],"wp:attachment":[{"href":"https:\/\/zjarr.tv\/sq\/wp-json\/wp\/v2\/media?parent=182812"}],"wp:term":[{"taxonomy":"category","embeddable":true,"href":"https:\/\/zjarr.tv\/sq\/wp-json\/wp\/v2\/categories?post=182812"},{"taxonomy":"post_tag","embeddable":true,"href":"https:\/\/zjarr.tv\/sq\/wp-json\/wp\/v2\/tags?post=182812"}],"curies":[{"name":"wp","href":"https:\/\/api.w.org\/{rel}","templated":true}]}}