{"id":182816,"date":"2021-05-17T07:36:06","date_gmt":"2021-05-17T05:36:06","guid":{"rendered":"https:\/\/zjarr.tv\/?p=182816"},"modified":"2021-05-17T07:36:06","modified_gmt":"2021-05-17T05:36:06","slug":"plas-keq-sherri-ne-studio-spartak-ngjela-cohet-nga-tavolina-dhe-kerkon-te-largohet-nga-emisioni","status":"publish","type":"post","link":"https:\/\/zjarr.tv\/sq\/plas-keq-sherri-ne-studio-spartak-ngjela-cohet-nga-tavolina-dhe-kerkon-te-largohet-nga-emisioni\/","title":{"rendered":"Plas keq sherri n\u00eb studio\/ Spartak Ngjela \u00e7ohet nga tavolina dhe k\u00ebrkon t\u00eb largohet nga emisioni\u2026"},"content":{"rendered":"<p>Avokati Spartak Ngjela, \u00ebsht\u00eb p\u00ebrfshir\u00eb n\u00eb nj\u00eb debat t\u00eb ashp\u00ebr me deputeten e zgjedhur t\u00eb PD Ina Zhupa, n\u00eb \u2018Java n\u00eb RTSH\u2019. Teksa kan\u00eb shk\u00ebmbyer argumente p\u00ebr tem\u00ebn e patronazhist\u00ebve, Ngjela \u00ebsht\u00eb ankuar se nuk po lejohet t\u00eb flas\u00eb.<\/p>\n<p><strong style=\"font-style: inherit;\">Pjes\u00eb nga debati:<\/strong><\/p>\n<p><strong style=\"font-style: inherit;\">Ngjela:<\/strong>\u00a0<em style=\"font-weight: inherit;\">Patronazhist\u00ebt nuk \u00ebsht\u00eb koncept i yni. \u00cbsht\u00eb grass-roots i anglo-sakson\u00ebve\u2026<\/em><\/p>\n<p><strong style=\"font-style: inherit;\">Zhupa:<\/strong>\u00a0<em style=\"font-weight: inherit;\">O zot\u00ebri se po na ofendon\u2026 Po legalizimet\u2026<\/em><\/p>\n<p><strong style=\"font-style: inherit;\">Ngjela:<\/strong>\u00a0<em style=\"font-weight: inherit;\">Hape n\u00eb fjalor. A mund t\u00eb mbaroj un\u00eb se m\u00eb ke z\u00ebn\u00eb gjith\u00eb hap\u00ebsir\u00ebn? Un\u00eb mendova se jam vet\u00ebm, s\u2019vija p\u00ebrball\u00eb teje. Grass-roots e kam provuar vet\u00eb por s\u2019e b\u00ebja dot se donte para t\u00eb madhe. Do t\u00eb thot\u00eb sht\u00ebpi m\u00eb sht\u00ebpi.<\/em><\/p>\n<p><strong style=\"font-style: inherit;\"> Zhupa<\/strong>:\u00a0<em style=\"font-weight: inherit;\">Kan\u00eb t\u00eb dh\u00ebna personale, \u00ebsht\u00eb shkelur privat\u00ebsia.<\/em><\/p>\n<p><strong style=\"font-style: inherit;\">Ngjela:<\/strong>\u00a0<em style=\"font-weight: inherit;\">Ohu, ika nat\u00ebn e mir\u00eb.<\/em><\/p>\n","protected":false},"excerpt":{"rendered":"<p>Avokati Spartak Ngjela, \u00ebsht\u00eb p\u00ebrfshir\u00eb n\u00eb nj\u00eb debat t\u00eb ashp\u00ebr me deputeten e zgjedhur t\u00eb PD Ina Zhupa, n\u00eb \u2018Java n\u00eb RTSH\u2019. Teksa kan\u00eb shk\u00ebmbyer argumente p\u00ebr tem\u00ebn e patronazhist\u00ebve, Ngjela \u00ebsht\u00eb ankuar se nuk po lejohet t\u00eb flas\u00eb. Pjes\u00eb nga debati: Ngjela:\u00a0Patronazhist\u00ebt nuk \u00ebsht\u00eb koncept i yni. \u00cbsht\u00eb grass-roots i anglo-sakson\u00ebve\u2026 Zhupa:\u00a0O zot\u00ebri se [&hellip;]<\/p>\n","protected":false},"author":2016,"featured_media":182818,"comment_status":"closed","ping_status":"closed","sticky":false,"template":"","format":"standard","meta":{"footnotes":""},"categories":[241],"tags":[3088],"class_list":{"0":"post-182816","1":"post","2":"type-post","3":"status-publish","4":"format-standard","5":"has-post-thumbnail","7":"category-aktualitet","8":"tag-lajme-zjarr-plas-keq-sherri-ne-studio-zjarr-tv"},"_links":{"self":[{"href":"https:\/\/zjarr.tv\/sq\/wp-json\/wp\/v2\/posts\/182816","targetHints":{"allow":["GET"]}}],"collection":[{"href":"https:\/\/zjarr.tv\/sq\/wp-json\/wp\/v2\/posts"}],"about":[{"href":"https:\/\/zjarr.tv\/sq\/wp-json\/wp\/v2\/types\/post"}],"author":[{"embeddable":true,"href":"https:\/\/zjarr.tv\/sq\/wp-json\/wp\/v2\/users\/2016"}],"replies":[{"embeddable":true,"href":"https:\/\/zjarr.tv\/sq\/wp-json\/wp\/v2\/comments?post=182816"}],"version-history":[{"count":0,"href":"https:\/\/zjarr.tv\/sq\/wp-json\/wp\/v2\/posts\/182816\/revisions"}],"wp:featuredmedia":[{"embeddable":true,"href":"https:\/\/zjarr.tv\/sq\/wp-json\/wp\/v2\/media\/182818"}],"wp:attachment":[{"href":"https:\/\/zjarr.tv\/sq\/wp-json\/wp\/v2\/media?parent=182816"}],"wp:term":[{"taxonomy":"category","embeddable":true,"href":"https:\/\/zjarr.tv\/sq\/wp-json\/wp\/v2\/categories?post=182816"},{"taxonomy":"post_tag","embeddable":true,"href":"https:\/\/zjarr.tv\/sq\/wp-json\/wp\/v2\/tags?post=182816"}],"curies":[{"name":"wp","href":"https:\/\/api.w.org\/{rel}","templated":true}]}}