{"id":182819,"date":"2021-05-17T07:43:56","date_gmt":"2021-05-17T05:43:56","guid":{"rendered":"https:\/\/zjarr.tv\/?p=182819"},"modified":"2021-05-17T07:43:56","modified_gmt":"2021-05-17T05:43:56","slug":"basha-keshillit-kombetar-te-pd-se-nese-per-ju-zgjedhjet-jane-ne-rregull-une-jap-doreheqjen","status":"publish","type":"post","link":"https:\/\/zjarr.tv\/sq\/basha-keshillit-kombetar-te-pd-se-nese-per-ju-zgjedhjet-jane-ne-rregull-une-jap-doreheqjen\/","title":{"rendered":"Basha-K\u00ebshillit Komb\u00ebtar t\u00eb PD-s\u00eb: N\u00ebse p\u00ebr ju Zgjedhjet jan\u00eb n\u00eb rregull, un\u00eb jap dor\u00ebheqjen\u2026"},"content":{"rendered":"<p>Lulzim Basha n\u00eb K\u00ebshillin Komb\u00ebtar t\u00eb PD, \u00ebsht\u00eb shprehur se \u00ebsht\u00eb i gatsh\u00ebm t\u00eb jap\u00eb dor\u00ebheqjen e tij, n\u00ebse ky K\u00ebshill i quan zgjedhjet e 25 Prillit t\u00eb rregullta.<\/p>\n<p>\u201cZgjidhni dhe dua t\u2019ju shoh t\u00eb gjith\u00ebve n\u00eb sy. Ose zgjedhjet jan\u00eb t\u00eb vjedhura dhe vazhdojm\u00eb n\u00eb sfid\u00eb, ose n\u00ebse p\u00ebr ju jan\u00eb n\u00eb rregull, at\u00ebher\u00eb un\u00eb jap dor\u00ebheqjen tani.\u201d ka th\u00ebn\u00eb Basha.<\/p>\n<p>&nbsp;<\/p>\n","protected":false},"excerpt":{"rendered":"<p>Lulzim Basha n\u00eb K\u00ebshillin Komb\u00ebtar t\u00eb PD, \u00ebsht\u00eb shprehur se \u00ebsht\u00eb i gatsh\u00ebm t\u00eb jap\u00eb dor\u00ebheqjen e tij, n\u00ebse ky K\u00ebshill i quan zgjedhjet e 25 Prillit t\u00eb rregullta. \u201cZgjidhni dhe dua t\u2019ju shoh t\u00eb gjith\u00ebve n\u00eb sy. Ose zgjedhjet jan\u00eb t\u00eb vjedhura dhe vazhdojm\u00eb n\u00eb sfid\u00eb, ose n\u00ebse p\u00ebr ju jan\u00eb n\u00eb rregull, at\u00ebher\u00eb [&hellip;]<\/p>\n","protected":false},"author":2016,"featured_media":182821,"comment_status":"closed","ping_status":"closed","sticky":false,"template":"","format":"standard","meta":{"footnotes":""},"categories":[241,1454],"tags":[3089],"class_list":{"0":"post-182819","1":"post","2":"type-post","3":"status-publish","4":"format-standard","5":"has-post-thumbnail","7":"category-aktualitet","8":"category-politike","9":"tag-lajme-zjarr-basha-flet-keshillin-kombetar-te-pd-se-zjarr-tv"},"_links":{"self":[{"href":"https:\/\/zjarr.tv\/sq\/wp-json\/wp\/v2\/posts\/182819","targetHints":{"allow":["GET"]}}],"collection":[{"href":"https:\/\/zjarr.tv\/sq\/wp-json\/wp\/v2\/posts"}],"about":[{"href":"https:\/\/zjarr.tv\/sq\/wp-json\/wp\/v2\/types\/post"}],"author":[{"embeddable":true,"href":"https:\/\/zjarr.tv\/sq\/wp-json\/wp\/v2\/users\/2016"}],"replies":[{"embeddable":true,"href":"https:\/\/zjarr.tv\/sq\/wp-json\/wp\/v2\/comments?post=182819"}],"version-history":[{"count":0,"href":"https:\/\/zjarr.tv\/sq\/wp-json\/wp\/v2\/posts\/182819\/revisions"}],"wp:featuredmedia":[{"embeddable":true,"href":"https:\/\/zjarr.tv\/sq\/wp-json\/wp\/v2\/media\/182821"}],"wp:attachment":[{"href":"https:\/\/zjarr.tv\/sq\/wp-json\/wp\/v2\/media?parent=182819"}],"wp:term":[{"taxonomy":"category","embeddable":true,"href":"https:\/\/zjarr.tv\/sq\/wp-json\/wp\/v2\/categories?post=182819"},{"taxonomy":"post_tag","embeddable":true,"href":"https:\/\/zjarr.tv\/sq\/wp-json\/wp\/v2\/tags?post=182819"}],"curies":[{"name":"wp","href":"https:\/\/api.w.org\/{rel}","templated":true}]}}