{"id":182962,"date":"2021-05-17T17:35:59","date_gmt":"2021-05-17T15:35:59","guid":{"rendered":"https:\/\/zjarr.tv\/?p=182962"},"modified":"2021-05-17T17:35:59","modified_gmt":"2021-05-17T15:35:59","slug":"cfare-ndodhi-ne-perplasjen-vucic-osmani-komshic-gjithcka-shkoi-keq","status":"publish","type":"post","link":"https:\/\/zjarr.tv\/sq\/cfare-ndodhi-ne-perplasjen-vucic-osmani-komshic-gjithcka-shkoi-keq\/","title":{"rendered":"\u00c7far\u00eb ndodhi n\u00eb p\u00ebrplasjen Vu\u00e7i\u00e7-Osmani? Komshi\u00e7: Gjith\u00e7ka shkoi keq\u2026"},"content":{"rendered":"<p>N\u00eb samitin e B\u00ebrdo-Brijunit u mbajt sot n\u00eb B\u00ebrdo af\u00ebr Kranjit n\u00eb Slloveni pati nj\u00eb debat mes Presidentit t\u00eb Serbis\u00eb Aleksandar Vu\u00e7i\u00e7 dhe kryetares s\u00eb shtetit t\u00eb Kosov\u00ebs, Vjosa Osmani.<\/p>\n<p>Por cfar\u00eb ndodhi konkretisht? Zhelko Komshi\u00e7, an\u00ebtar i presidenc\u00ebs s\u00eb Bosnje e Hercegovin\u00ebs, tha p\u00ebr \u201cRadio Sarajev\u00ebn\u201d, se pati nj\u00eb debat jo t\u00eb k\u00ebndsh\u00ebm mes p\u00ebrfaq\u00ebsueses s\u00eb Kosov\u00ebs, presidentes Vjosa Osmani dhe presidentit serb, Aleksandar Vu\u00e7i\u00e7.<\/p>\n<p>\u201cTregimi prapa procesit t\u00eb B\u00ebrdo-Brijunit q\u00eb po vazhdon p\u00ebr 10 vjet, sot u konceptua ndryshe. Nga q\u00ebllimi i tij fillestar q\u00eb d\u00ebshironte ta shtynte rajonin drejt BE-s\u00eb, q\u00eb vendet an\u00ebtare t\u00eb BE-s\u00eb t\u00eb ndihmojn\u00eb n\u00eb k\u00ebt\u00eb proces, sot n\u00eb k\u00ebt\u00eb takim e gjet\u00ebm veten n\u00eb temat ballkanike.<\/p>\n<p>Dhe kjo ndodhi p\u00ebr shkak t\u00eb nj\u00eb debati q\u00eb koh\u00eb pas kohe nuk ishte shum\u00eb i k\u00ebndsh\u00ebm mes Kosov\u00ebs dhe Serbis\u00eb. Dhe natyrisht, zot\u00ebri Dodiku u desh t\u00eb p\u00ebrfshihej, sepse s\u2019b\u00ebn pa u p\u00ebrfshir\u00eb ai. Dihet se p\u00ebr cil\u00ebn pal\u00eb dhe i t\u00ebr\u00eb diskutimi \u201cshkoi keq\u201d.<\/p>\n<p>T\u00eb gjith\u00eb i dim\u00eb q\u00ebndrimet politike t\u00eb p\u00ebrfaq\u00ebsuesve t\u00eb Serbis\u00eb, t\u00eb Dodikut e edhe t\u00eb presidentes s\u00eb Kosov\u00ebs (Vjosa Osmani). Pjesa m\u00eb e madhe e koh\u00ebs u kalua me ta. P\u00ebr mua, kjo \u00ebsht\u00eb e keqe. T\u00eb gjith\u00eb e dim\u00eb se \u00e7ka mendojm\u00eb p\u00ebr \u00e7\u00ebshtje t\u00eb caktuara.<\/p>\n<p>T\u2019i v\u00ebsh k\u00ebto \u00e7\u00ebshtje n\u00eb tavolin\u00eb si\u00e7 ndodhi tani, b\u00ebri q\u00eb i t\u00ebr\u00eb takimi t\u00eb merrte kah tjet\u00ebr. N\u00eb vend se t\u00eb shkojm\u00eb para Brukselit p\u00ebrmes Sllovenis\u00eb, e cila e merr presidenc\u00ebs e BE-s\u00eb, ne u kthyem n\u00eb k\u00ebt\u00eb tregimin ballkanik\u201d, shtoi ai, shkruan Zeri.<\/p>\n<p>\u201c\u00cbsht\u00eb Kosova ajo q\u00eb mund t\u00eb deklarohet se ka pasur disa pak\u00ebnaq\u00ebsi p\u00ebr t\u00eb cilat ata mendojn\u00eb se jan\u00eb t\u00eb r\u00ebnd\u00ebsishme p\u00ebr ta. P\u00ebr shembull, Kosova ka k\u00ebrkuar q\u00eb kur t\u00eb vij\u00eb pjesa ku flitet p\u00ebr liberalizimin e vizave, t\u00eb mos shkruhet Prishtina por Kosova. Natyrisht, Serbia nuk u pajtua p\u00ebr k\u00ebt\u00eb\u201d, theksoi an\u00ebtar\u00ebsi i presidenc\u00ebs s\u00eb Bosnje e Hercegovin\u00ebs.<\/p>\n","protected":false},"excerpt":{"rendered":"<p>N\u00eb samitin e B\u00ebrdo-Brijunit u mbajt sot n\u00eb B\u00ebrdo af\u00ebr Kranjit n\u00eb Slloveni pati nj\u00eb debat mes Presidentit t\u00eb Serbis\u00eb Aleksandar Vu\u00e7i\u00e7 dhe kryetares s\u00eb shtetit t\u00eb Kosov\u00ebs, Vjosa Osmani. Por cfar\u00eb ndodhi konkretisht? Zhelko Komshi\u00e7, an\u00ebtar i presidenc\u00ebs s\u00eb Bosnje e Hercegovin\u00ebs, tha p\u00ebr \u201cRadio Sarajev\u00ebn\u201d, se pati nj\u00eb debat jo t\u00eb k\u00ebndsh\u00ebm mes [&hellip;]<\/p>\n","protected":false},"author":2031,"featured_media":182963,"comment_status":"closed","ping_status":"closed","sticky":false,"template":"","format":"standard","meta":{"footnotes":""},"categories":[231],"tags":[312,3107,329],"class_list":{"0":"post-182962","1":"post","2":"type-post","3":"status-publish","4":"format-standard","5":"has-post-thumbnail","7":"category-lajme","8":"tag-lajme","9":"tag-vucic-osmani","10":"tag-zjarr-tv"},"_links":{"self":[{"href":"https:\/\/zjarr.tv\/sq\/wp-json\/wp\/v2\/posts\/182962","targetHints":{"allow":["GET"]}}],"collection":[{"href":"https:\/\/zjarr.tv\/sq\/wp-json\/wp\/v2\/posts"}],"about":[{"href":"https:\/\/zjarr.tv\/sq\/wp-json\/wp\/v2\/types\/post"}],"author":[{"embeddable":true,"href":"https:\/\/zjarr.tv\/sq\/wp-json\/wp\/v2\/users\/2031"}],"replies":[{"embeddable":true,"href":"https:\/\/zjarr.tv\/sq\/wp-json\/wp\/v2\/comments?post=182962"}],"version-history":[{"count":0,"href":"https:\/\/zjarr.tv\/sq\/wp-json\/wp\/v2\/posts\/182962\/revisions"}],"wp:featuredmedia":[{"embeddable":true,"href":"https:\/\/zjarr.tv\/sq\/wp-json\/wp\/v2\/media\/182963"}],"wp:attachment":[{"href":"https:\/\/zjarr.tv\/sq\/wp-json\/wp\/v2\/media?parent=182962"}],"wp:term":[{"taxonomy":"category","embeddable":true,"href":"https:\/\/zjarr.tv\/sq\/wp-json\/wp\/v2\/categories?post=182962"},{"taxonomy":"post_tag","embeddable":true,"href":"https:\/\/zjarr.tv\/sq\/wp-json\/wp\/v2\/tags?post=182962"}],"curies":[{"name":"wp","href":"https:\/\/api.w.org\/{rel}","templated":true}]}}