{"id":183017,"date":"2021-05-18T00:33:00","date_gmt":"2021-05-17T22:33:00","guid":{"rendered":"https:\/\/zjarr.tv\/?p=183017"},"modified":"2021-05-18T00:33:00","modified_gmt":"2021-05-17T22:33:00","slug":"400-kg-kokaine-permes-shqiperise-drejt-tregut-gjermanartan-hoxhacfare-synojne-organizatat-kriminale","status":"publish","type":"post","link":"https:\/\/zjarr.tv\/sq\/400-kg-kokaine-permes-shqiperise-drejt-tregut-gjermanartan-hoxhacfare-synojne-organizatat-kriminale\/","title":{"rendered":"400 kg kokain\u00eb p\u00ebrmes Shqip\u00ebris\u00eb drejt tregut gjerman,Artan Hoxha:\u00c7far\u00eb synojn\u00eb organizatat kriminale&#8230;"},"content":{"rendered":"<p>Gazetari Artan Hoxha ka deklaruar n\u00eb ABC me Endri Xhafon se droga e kapur sot n\u00eb Kosov\u00eb kishte si destinacion Gjermanin\u00eb.<\/p>\n<p>Ai u shpreh se n\u00eb Shqip\u00ebri nuk ka organizata kriminale me struktur\u00eb t\u00eb mir\u00ebfillt\u00eb dhe kjo an\u00ebn e saj pozitive p\u00ebr shkak se nuk krijohen dot organizata t\u00eb m\u00ebdha, por edhe negative sepse nuk asgj\u00ebsohen dot.<\/p>\n<p>\u201cNdryshe nga her\u00ebt e tjera kur Shqip\u00ebria ka b\u00ebr\u00eb ndalime ngarkesash q\u00eb ishin duke shkuar diku.<\/p>\n<p>\u00c7do polici synon q\u00eb ta kap\u00eb vet\u00eb. N\u00ebse kemi t\u00eb b\u00ebjm\u00eb me nj\u00eb informacion q\u00eb nuk e kemi kapur ne, ai dikush e lejon t\u00eb shkoj\u00eb te baza e sigurt.<\/p>\n<p>Ata kan\u00eb vullnetin dhe njohurit\u00eb profesionale. Ata e din\u00eb si kapet tigri. Ti nuk mund t\u00eb shkosh me \u00e7ark p\u00ebr mi p\u00ebr t\u00eb kapur tigrin.<\/p>\n<p>Kjo nuk ishte e destinuar p\u00ebr tregun shqiptar. \u00cbsht\u00eb sasi e madhe dhe \u00ebsht\u00eb nj\u00eb llokm\u00eb e madhe. Kjo ishte e destinuar p\u00ebr tregun gjerman.<\/p>\n","protected":false},"excerpt":{"rendered":"<p>Gazetari Artan Hoxha ka deklaruar n\u00eb ABC me Endri Xhafon se droga e kapur sot n\u00eb Kosov\u00eb kishte si destinacion Gjermanin\u00eb. Ai u shpreh se n\u00eb Shqip\u00ebri nuk ka organizata kriminale me struktur\u00eb t\u00eb mir\u00ebfillt\u00eb dhe kjo an\u00ebn e saj pozitive p\u00ebr shkak se nuk krijohen dot organizata t\u00eb m\u00ebdha, por edhe negative sepse nuk [&hellip;]<\/p>\n","protected":false},"author":2031,"featured_media":180603,"comment_status":"closed","ping_status":"closed","sticky":false,"template":"","format":"standard","meta":{"footnotes":""},"categories":[231],"tags":[2579,312,329],"class_list":{"0":"post-183017","1":"post","2":"type-post","3":"status-publish","4":"format-standard","5":"has-post-thumbnail","7":"category-lajme","8":"tag-artan-hoxha","9":"tag-lajme","10":"tag-zjarr-tv"},"_links":{"self":[{"href":"https:\/\/zjarr.tv\/sq\/wp-json\/wp\/v2\/posts\/183017","targetHints":{"allow":["GET"]}}],"collection":[{"href":"https:\/\/zjarr.tv\/sq\/wp-json\/wp\/v2\/posts"}],"about":[{"href":"https:\/\/zjarr.tv\/sq\/wp-json\/wp\/v2\/types\/post"}],"author":[{"embeddable":true,"href":"https:\/\/zjarr.tv\/sq\/wp-json\/wp\/v2\/users\/2031"}],"replies":[{"embeddable":true,"href":"https:\/\/zjarr.tv\/sq\/wp-json\/wp\/v2\/comments?post=183017"}],"version-history":[{"count":0,"href":"https:\/\/zjarr.tv\/sq\/wp-json\/wp\/v2\/posts\/183017\/revisions"}],"wp:featuredmedia":[{"embeddable":true,"href":"https:\/\/zjarr.tv\/sq\/wp-json\/wp\/v2\/media\/180603"}],"wp:attachment":[{"href":"https:\/\/zjarr.tv\/sq\/wp-json\/wp\/v2\/media?parent=183017"}],"wp:term":[{"taxonomy":"category","embeddable":true,"href":"https:\/\/zjarr.tv\/sq\/wp-json\/wp\/v2\/categories?post=183017"},{"taxonomy":"post_tag","embeddable":true,"href":"https:\/\/zjarr.tv\/sq\/wp-json\/wp\/v2\/tags?post=183017"}],"curies":[{"name":"wp","href":"https:\/\/api.w.org\/{rel}","templated":true}]}}