{"id":183020,"date":"2021-05-18T00:42:34","date_gmt":"2021-05-17T22:42:34","guid":{"rendered":"https:\/\/zjarr.tv\/?p=183020"},"modified":"2021-05-18T00:42:34","modified_gmt":"2021-05-17T22:42:34","slug":"spak-rihap-dosjen-e-vrasjes-se-artan-santos-ka-prova-te-reja","status":"publish","type":"post","link":"https:\/\/zjarr.tv\/sq\/spak-rihap-dosjen-e-vrasjes-se-artan-santos-ka-prova-te-reja\/","title":{"rendered":"SPAK rihap dosjen e vrasjes s\u00eb Artan Santos: Ka prova te reja"},"content":{"rendered":"<p>Nga Ermal Vija<\/p>\n<p>Shtat\u00eb vite nga vrasja, Prokuroria e Posa\u00e7me rinis hetimet p\u00ebr ekzekutimin e Artan Santos. Lajmi konfirmohet p\u00ebr ABC nga burime zyrtare.<\/p>\n<p>Sipas burimeve nga SPAK m\u00ebsohet se Prokuroria ka vendosur t\u00eb rihap\u00eb dosjen p\u00ebr ekzekutimin e biznesmenit, pasi jan\u00eb siguruar prova te reja.<\/p>\n<p>N\u00eb fillim t\u00eb k\u00ebtij viti Prokuroria e Tiran\u00ebs b\u00ebri\u00a0 k\u00ebrkese p\u00ebr rihapjen e nj\u00eb prej dosjeve m\u00eb t\u00eb bujshme n\u00eb Shqip\u00ebri.<\/p>\n<p>Dhe SPAK ka rihapur zyrtarisht nj\u00eb nga dosjet m\u00eb t\u00eb bujshme t\u00eb dekad\u00ebs s\u00eb fundit. Kjo dosje ishte pezulluar p\u00ebr munges\u00eb provash por burimet b\u00ebjn\u00eb me dije se ka indicie t\u00eb reja.<\/p>\n<p>M\u00ebngjesin e dat\u00ebs 26 qershor t\u00eb vitit 2014 Artan Santo nj\u00eb nga bankier\u00ebt m\u00eb t\u00eb njohur n\u00eb Shqip\u00ebri u ekzekutua n\u00eb hyrje t\u00eb bank\u00ebs s\u00eb nivelit t\u00eb dyt\u00eb n\u00eb t\u00eb cil\u00ebn ai ishte bashk\u00ebpronar dhe drejtor ekzekutiv.<\/p>\n<p>Vrasja ishte e stilit mafioz pasi 58-vje\u00e7ari u q\u00ebllua me arm\u00eb zjarri nga dy persona me motor pak sekonda pasi kishte zbritur nga automjeti dhe po i drejtohej zyr\u00ebs s\u00eb pun\u00ebs n\u00eb rrug\u00ebn \u201cIsmail Qemali\u201d n\u00eb zon\u00ebn e ish-Bllokut n\u00eb Tiran\u00eb.<\/p>\n<p>Vitet kaluan por vrasja nuk u zbardh, nd\u00ebrsa tashm\u00eb \u00ebsht\u00eb n\u00eb duart e SPAK si shansi i fundit p\u00ebr t\u00eb zbuluar autor\u00ebt e krimit.\/ Abcnews.al<\/p>\n","protected":false},"excerpt":{"rendered":"<p>Nga Ermal Vija Shtat\u00eb vite nga vrasja, Prokuroria e Posa\u00e7me rinis hetimet p\u00ebr ekzekutimin e Artan Santos. Lajmi konfirmohet p\u00ebr ABC nga burime zyrtare. Sipas burimeve nga SPAK m\u00ebsohet se Prokuroria ka vendosur t\u00eb rihap\u00eb dosjen p\u00ebr ekzekutimin e biznesmenit, pasi jan\u00eb siguruar prova te reja. N\u00eb fillim t\u00eb k\u00ebtij viti Prokuroria e Tiran\u00ebs b\u00ebri\u00a0 [&hellip;]<\/p>\n","protected":false},"author":2031,"featured_media":154671,"comment_status":"closed","ping_status":"closed","sticky":false,"template":"","format":"standard","meta":{"footnotes":""},"categories":[231],"tags":[312,492,329],"class_list":{"0":"post-183020","1":"post","2":"type-post","3":"status-publish","4":"format-standard","5":"has-post-thumbnail","7":"category-lajme","8":"tag-lajme","9":"tag-spak","10":"tag-zjarr-tv"},"_links":{"self":[{"href":"https:\/\/zjarr.tv\/sq\/wp-json\/wp\/v2\/posts\/183020","targetHints":{"allow":["GET"]}}],"collection":[{"href":"https:\/\/zjarr.tv\/sq\/wp-json\/wp\/v2\/posts"}],"about":[{"href":"https:\/\/zjarr.tv\/sq\/wp-json\/wp\/v2\/types\/post"}],"author":[{"embeddable":true,"href":"https:\/\/zjarr.tv\/sq\/wp-json\/wp\/v2\/users\/2031"}],"replies":[{"embeddable":true,"href":"https:\/\/zjarr.tv\/sq\/wp-json\/wp\/v2\/comments?post=183020"}],"version-history":[{"count":0,"href":"https:\/\/zjarr.tv\/sq\/wp-json\/wp\/v2\/posts\/183020\/revisions"}],"wp:featuredmedia":[{"embeddable":true,"href":"https:\/\/zjarr.tv\/sq\/wp-json\/wp\/v2\/media\/154671"}],"wp:attachment":[{"href":"https:\/\/zjarr.tv\/sq\/wp-json\/wp\/v2\/media?parent=183020"}],"wp:term":[{"taxonomy":"category","embeddable":true,"href":"https:\/\/zjarr.tv\/sq\/wp-json\/wp\/v2\/categories?post=183020"},{"taxonomy":"post_tag","embeddable":true,"href":"https:\/\/zjarr.tv\/sq\/wp-json\/wp\/v2\/tags?post=183020"}],"curies":[{"name":"wp","href":"https:\/\/api.w.org\/{rel}","templated":true}]}}