{"id":183030,"date":"2021-05-18T01:24:41","date_gmt":"2021-05-17T23:24:41","guid":{"rendered":"https:\/\/zjarr.tv\/?p=183030"},"modified":"2021-05-18T01:24:41","modified_gmt":"2021-05-17T23:24:41","slug":"beri-qe-vucic-te-braktise-mbledhjen-vjosa-osmani-flet-per-here-te-pare-per-perplasjen-me-homologun-serb","status":"publish","type":"post","link":"https:\/\/zjarr.tv\/sq\/beri-qe-vucic-te-braktise-mbledhjen-vjosa-osmani-flet-per-here-te-pare-per-perplasjen-me-homologun-serb\/","title":{"rendered":"B\u00ebri q\u00eb Vu\u00e7i\u00e7 t\u00eb braktis\u00eb mbledhjen, Vjosa Osmani flet p\u00ebr her\u00eb t\u00eb par\u00eb p\u00ebr p\u00ebrplasjen me homologun serb"},"content":{"rendered":"<p>Presidentja e Kosov\u00ebs, Vjosa Osmani ka folur pas p\u00ebrfundimit t\u00eb Samitit t\u00eb Brdo-Brion\u00ebs n\u00eb Slloveni. Ajo ka treguar edhe p\u00ebr p\u00ebrplasjen q\u00eb kishte me presidentin e Serbis\u00eb, Aleksand\u00ebr Vu\u00e7i\u00e7.<\/p>\n<p>\u201cVu\u00e7i\u00e7 insistonte q\u00eb ndryshimi i kufijve t\u00eb vendeve t\u00eb Ballkanit Per\u00ebndimor t\u2019ju lihen vet\u00ebm shteteve an\u00ebtar\u00ebve q\u00eb jan\u00eb pjes\u00eb e OKB\u2019s\u00eb\u201d,- ka th\u00ebn\u00eb Osmani p\u00ebr RTK-n\u00eb.<\/p>\n<p>Sipas\u00a0Express, p\u00ebrplasja ka ndodhur kur ajo dhe Shefik Xhaferovi\u00e7, an\u00ebtar i presiden\u00e7\u00ebs s\u00eb Bosnj\u00ebs dhe Her\u00e7egovin\u00ebs, kan\u00eb folur p\u00ebr krimet q\u00eb Serbia ka kryer n\u00eb Kosov\u00eb dhe n\u00eb Bosnje.<\/p>\n<p>\u201cKur ne fol\u00ebm p\u00ebr k\u00ebto krime, aty ndodhi kund\u00ebrshtimi i Vu\u00e7i\u00e7it.<\/p>\n<p>Ne fol\u00ebm qart\u00eb p\u00ebr krimet e kryera edhe n\u00eb Bosnje edhe n\u00eb Kosov\u00eb dhe kjo e pengoi Vu\u00e7i\u00e7in\u201d,\u2013 theksoi Osmani.<\/p>\n<p>Ajo m\u00eb tej tha se kund\u00ebrshtimi i krimeve nuk duhet t\u00eb ishte qasje e Serbis\u00eb.<\/p>\n<p>\u201cUn\u00eb isha e qart\u00eb q\u00eb Serbia do t\u00eb e\u00e7\u00eb p\u00ebrpara vet\u00ebm kur e pranon shtetin e Kosov\u00ebs dhe vet\u00ebm kur i v\u00eb prapa grilave kriminel\u00ebt. Vu\u00e7i\u00e7 kishte qasje tjet\u00ebr dhe kjo \u00ebsht\u00eb p\u00ebr t\u00eb ardhur keq\u201d, shtoi ajo.<\/p>\n<p>Osmani tha se Ballkani Per\u00ebndimor nuk duhet t\u00eb mbet peng i k\u00ebsaj qasjeje t\u00eb Serbis\u00eb dhe duhet t\u00eb e\u00e7\u00eb p\u00ebrpara. Osmani po ashtu tha se gjat\u00eb Samitit ka takuar shefat e shteteve t\u00eb Shqip\u00ebris\u00eb, Malit t\u00eb Zi, Maqedonis\u00eb s\u00eb Veriut, etj.<\/p>\n","protected":false},"excerpt":{"rendered":"<p>Presidentja e Kosov\u00ebs, Vjosa Osmani ka folur pas p\u00ebrfundimit t\u00eb Samitit t\u00eb Brdo-Brion\u00ebs n\u00eb Slloveni. Ajo ka treguar edhe p\u00ebr p\u00ebrplasjen q\u00eb kishte me presidentin e Serbis\u00eb, Aleksand\u00ebr Vu\u00e7i\u00e7. \u201cVu\u00e7i\u00e7 insistonte q\u00eb ndryshimi i kufijve t\u00eb vendeve t\u00eb Ballkanit Per\u00ebndimor t\u2019ju lihen vet\u00ebm shteteve an\u00ebtar\u00ebve q\u00eb jan\u00eb pjes\u00eb e OKB\u2019s\u00eb\u201d,- ka th\u00ebn\u00eb Osmani p\u00ebr RTK-n\u00eb. [&hellip;]<\/p>\n","protected":false},"author":2031,"featured_media":169133,"comment_status":"closed","ping_status":"closed","sticky":false,"template":"","format":"standard","meta":{"footnotes":""},"categories":[231],"tags":[],"class_list":{"0":"post-183030","1":"post","2":"type-post","3":"status-publish","4":"format-standard","5":"has-post-thumbnail","7":"category-lajme"},"_links":{"self":[{"href":"https:\/\/zjarr.tv\/sq\/wp-json\/wp\/v2\/posts\/183030","targetHints":{"allow":["GET"]}}],"collection":[{"href":"https:\/\/zjarr.tv\/sq\/wp-json\/wp\/v2\/posts"}],"about":[{"href":"https:\/\/zjarr.tv\/sq\/wp-json\/wp\/v2\/types\/post"}],"author":[{"embeddable":true,"href":"https:\/\/zjarr.tv\/sq\/wp-json\/wp\/v2\/users\/2031"}],"replies":[{"embeddable":true,"href":"https:\/\/zjarr.tv\/sq\/wp-json\/wp\/v2\/comments?post=183030"}],"version-history":[{"count":0,"href":"https:\/\/zjarr.tv\/sq\/wp-json\/wp\/v2\/posts\/183030\/revisions"}],"wp:featuredmedia":[{"embeddable":true,"href":"https:\/\/zjarr.tv\/sq\/wp-json\/wp\/v2\/media\/169133"}],"wp:attachment":[{"href":"https:\/\/zjarr.tv\/sq\/wp-json\/wp\/v2\/media?parent=183030"}],"wp:term":[{"taxonomy":"category","embeddable":true,"href":"https:\/\/zjarr.tv\/sq\/wp-json\/wp\/v2\/categories?post=183030"},{"taxonomy":"post_tag","embeddable":true,"href":"https:\/\/zjarr.tv\/sq\/wp-json\/wp\/v2\/tags?post=183030"}],"curies":[{"name":"wp","href":"https:\/\/api.w.org\/{rel}","templated":true}]}}