{"id":183032,"date":"2021-05-18T07:16:17","date_gmt":"2021-05-18T05:16:17","guid":{"rendered":"https:\/\/zjarr.tv\/?p=183032"},"modified":"2021-05-18T07:16:17","modified_gmt":"2021-05-18T05:16:17","slug":"bamir-topi-ben-deklaraten-e-forte-sa-te-jete-sali-berisha-ne-pd-une-nuk-kam","status":"publish","type":"post","link":"https:\/\/zjarr.tv\/sq\/bamir-topi-ben-deklaraten-e-forte-sa-te-jete-sali-berisha-ne-pd-une-nuk-kam\/","title":{"rendered":"Bamir Topi b\u00ebn deklarat\u00ebn e fort\u00eb: Sa t\u00eb jet\u00eb Sali Berisha n\u00eb PD, un\u00eb nuk kam\u2026"},"content":{"rendered":"<p>Ish-Presidenti i Republik\u00ebs dhe ish-kryetari i Partis\u00eb FRD, Bamir Topi, ishte i ftuar n\u00eb emisionin \u201cT\u00eb Paekspozuarit\u201d, ku u pyet edhe p\u00ebr arsyen e largimit nga FRD, fare pak para Zgjedhjeve t\u00eb 25 Prillit.<\/p>\n<p>Topi nuk donte t\u00eb jepte nj\u00eb p\u00ebrgjigje t\u00eb drejt\u00ebp\u00ebrdrejt\u00eb, por ai deklaroi se p\u00ebr sa koh\u00eb Berisha do t\u00eb jet\u00eb n\u00eb PD, n\u00eb k\u00ebt\u00eb Parti nuk ka vend p\u00ebr t\u00eb dhe as p\u00ebr koalicion.<\/p>\n<p>\u201c<em>Jan\u00eb disa motive q\u00eb i kam futur n\u00eb librin tjet\u00ebr. Do t\u00eb punoj p\u00ebr ekskluzivitetin e lajmit. Problemi \u00ebsht\u00eb k\u00ebtu, n\u00eb asnj\u00eb lloj rrethane, un\u00eb nuk ndryshoj deklaratat e mia kapitale.<\/em><\/p>\n<p><em>Jam shprehur n\u00eb 2013, kur kishte tentative p\u00ebr t\u00eb nd\u00ebrtuar nj\u00eb koalicion me PD. Ftesat nuk ishin publike. Por, kam th\u00ebn\u00eb, sa koh\u00eb t\u00eb jet\u00eb Berisha n\u00eb at\u00eb parti, un\u00eb nuk kam vend<\/em>\u201d, k\u00ebshtu u shpreh ish-presidenti Bamir Topi.<\/p>\n<p>&nbsp;<\/p>\n","protected":false},"excerpt":{"rendered":"<p>Ish-Presidenti i Republik\u00ebs dhe ish-kryetari i Partis\u00eb FRD, Bamir Topi, ishte i ftuar n\u00eb emisionin \u201cT\u00eb Paekspozuarit\u201d, ku u pyet edhe p\u00ebr arsyen e largimit nga FRD, fare pak para Zgjedhjeve t\u00eb 25 Prillit. Topi nuk donte t\u00eb jepte nj\u00eb p\u00ebrgjigje t\u00eb drejt\u00ebp\u00ebrdrejt\u00eb, por ai deklaroi se p\u00ebr sa koh\u00eb Berisha do t\u00eb jet\u00eb n\u00eb [&hellip;]<\/p>\n","protected":false},"author":2016,"featured_media":183034,"comment_status":"closed","ping_status":"closed","sticky":false,"template":"","format":"standard","meta":{"footnotes":""},"categories":[241],"tags":[3110],"class_list":{"0":"post-183032","1":"post","2":"type-post","3":"status-publish","4":"format-standard","5":"has-post-thumbnail","7":"category-aktualitet","8":"tag-lajme-zjarr-topi-ben-deklaraten-e-forte-zjarr-tv"},"_links":{"self":[{"href":"https:\/\/zjarr.tv\/sq\/wp-json\/wp\/v2\/posts\/183032","targetHints":{"allow":["GET"]}}],"collection":[{"href":"https:\/\/zjarr.tv\/sq\/wp-json\/wp\/v2\/posts"}],"about":[{"href":"https:\/\/zjarr.tv\/sq\/wp-json\/wp\/v2\/types\/post"}],"author":[{"embeddable":true,"href":"https:\/\/zjarr.tv\/sq\/wp-json\/wp\/v2\/users\/2016"}],"replies":[{"embeddable":true,"href":"https:\/\/zjarr.tv\/sq\/wp-json\/wp\/v2\/comments?post=183032"}],"version-history":[{"count":0,"href":"https:\/\/zjarr.tv\/sq\/wp-json\/wp\/v2\/posts\/183032\/revisions"}],"wp:featuredmedia":[{"embeddable":true,"href":"https:\/\/zjarr.tv\/sq\/wp-json\/wp\/v2\/media\/183034"}],"wp:attachment":[{"href":"https:\/\/zjarr.tv\/sq\/wp-json\/wp\/v2\/media?parent=183032"}],"wp:term":[{"taxonomy":"category","embeddable":true,"href":"https:\/\/zjarr.tv\/sq\/wp-json\/wp\/v2\/categories?post=183032"},{"taxonomy":"post_tag","embeddable":true,"href":"https:\/\/zjarr.tv\/sq\/wp-json\/wp\/v2\/tags?post=183032"}],"curies":[{"name":"wp","href":"https:\/\/api.w.org\/{rel}","templated":true}]}}