{"id":183039,"date":"2021-05-18T07:45:57","date_gmt":"2021-05-18T05:45:57","guid":{"rendered":"https:\/\/zjarr.tv\/?p=183039"},"modified":"2021-05-18T07:45:57","modified_gmt":"2021-05-18T05:45:57","slug":"genc-sejko-per-kritiket-e-bashes-po-ja-u-vodhi-zgjedhjet-basha-imagjino-se-cdo-ju-bente-rama","status":"publish","type":"post","link":"https:\/\/zjarr.tv\/sq\/genc-sejko-per-kritiket-e-bashes-po-ja-u-vodhi-zgjedhjet-basha-imagjino-se-cdo-ju-bente-rama\/","title":{"rendered":"Genc Sejko p\u00ebr kritik\u00ebt e Bash\u00ebs: Po ja u vodhi Zgjedhjet Basha, imagjino se \u00e7\u2019do ju b\u00ebnte Rama\u2026"},"content":{"rendered":"<p>Aktivisti Genc Sejko, me an\u00eb t\u00eb nj\u00eb postimi n\u00eb llogarin\u00eb\u00a0 e tij n\u00eb Facebook, ka reaguar lidhur me ngjarjet m\u00eb t\u00eb fundit n\u00eb vendin ton\u00eb, si\u00e7 \u00ebsht\u00eb ajo e Zgjedhjeve p\u00ebr kreun e\u00a0 ri t\u00eb PD-s\u00eb.<\/p>\n<p>Sejko shkruan se; <em>\u201cMos u ankoni p\u00ebr zgjedhjet n\u00eb PD. \u2018Jo nuk kemi koh\u00eb p\u00ebr fushat\u00eb\u2019. Jo, po Luli duhet t\u00eb japi dor\u00ebheqjen\u2019. \u2018Jo, po kushtet nuk jan\u00eb t\u00eb barabarta\u201d,<\/em> ku sipas tij k\u00ebto jan\u00eb justifikime t\u00eb kota.<\/p>\n<p>Postimi:<\/p>\n<p>\u201c<em>Edhe nj\u00eb t\u00eb fundit. <\/em><em>Ky \u00ebsht\u00eb testi m\u00eb i mir\u00eb p\u00ebr ata q\u00eb synoj\u00eb marrjen n\u00eb kontroll t\u00eb opozit\u00ebs. <\/em><em>Mos u ankoni p\u00ebr zgjedhjet n\u00eb PD. \u2018Jo nuk kemi koh\u00eb p\u00ebr fushat\u00eb\u2019. Jo, po Luli duhet t\u00eb japi dor\u00ebheqjen. \u2018Jo, po kushtet nuk jan\u00eb t\u00eb barabarta\u2019. K\u00ebto jan\u00eb justifikime kot. Po ja u vodhi zgjedhjet Basha, imagjino se \u00e7\u2019do ju b\u00ebnte Rama<\/em>\u201d, k\u00ebshtu shkruan Genc Sejko.<\/p>\n","protected":false},"excerpt":{"rendered":"<p>Aktivisti Genc Sejko, me an\u00eb t\u00eb nj\u00eb postimi n\u00eb llogarin\u00eb\u00a0 e tij n\u00eb Facebook, ka reaguar lidhur me ngjarjet m\u00eb t\u00eb fundit n\u00eb vendin ton\u00eb, si\u00e7 \u00ebsht\u00eb ajo e Zgjedhjeve p\u00ebr kreun e\u00a0 ri t\u00eb PD-s\u00eb. Sejko shkruan se; \u201cMos u ankoni p\u00ebr zgjedhjet n\u00eb PD. \u2018Jo nuk kemi koh\u00eb p\u00ebr fushat\u00eb\u2019. Jo, po Luli [&hellip;]<\/p>\n","protected":false},"author":2016,"featured_media":183041,"comment_status":"closed","ping_status":"closed","sticky":false,"template":"","format":"standard","meta":{"footnotes":""},"categories":[241],"tags":[3112],"class_list":{"0":"post-183039","1":"post","2":"type-post","3":"status-publish","4":"format-standard","5":"has-post-thumbnail","7":"category-aktualitet","8":"tag-lajme-zjarr-sejko-per-kritiket-e-bashes-zjarr-tv"},"_links":{"self":[{"href":"https:\/\/zjarr.tv\/sq\/wp-json\/wp\/v2\/posts\/183039","targetHints":{"allow":["GET"]}}],"collection":[{"href":"https:\/\/zjarr.tv\/sq\/wp-json\/wp\/v2\/posts"}],"about":[{"href":"https:\/\/zjarr.tv\/sq\/wp-json\/wp\/v2\/types\/post"}],"author":[{"embeddable":true,"href":"https:\/\/zjarr.tv\/sq\/wp-json\/wp\/v2\/users\/2016"}],"replies":[{"embeddable":true,"href":"https:\/\/zjarr.tv\/sq\/wp-json\/wp\/v2\/comments?post=183039"}],"version-history":[{"count":0,"href":"https:\/\/zjarr.tv\/sq\/wp-json\/wp\/v2\/posts\/183039\/revisions"}],"wp:featuredmedia":[{"embeddable":true,"href":"https:\/\/zjarr.tv\/sq\/wp-json\/wp\/v2\/media\/183041"}],"wp:attachment":[{"href":"https:\/\/zjarr.tv\/sq\/wp-json\/wp\/v2\/media?parent=183039"}],"wp:term":[{"taxonomy":"category","embeddable":true,"href":"https:\/\/zjarr.tv\/sq\/wp-json\/wp\/v2\/categories?post=183039"},{"taxonomy":"post_tag","embeddable":true,"href":"https:\/\/zjarr.tv\/sq\/wp-json\/wp\/v2\/tags?post=183039"}],"curies":[{"name":"wp","href":"https:\/\/api.w.org\/{rel}","templated":true}]}}