{"id":183051,"date":"2021-05-18T08:50:49","date_gmt":"2021-05-18T06:50:49","guid":{"rendered":"https:\/\/zjarr.tv\/?p=183051"},"modified":"2021-05-18T08:50:49","modified_gmt":"2021-05-18T06:50:49","slug":"analisti-i-njohur-plas-deklaraten-e-forte-ne-mes-te-emisionit-basha-nuk-i-dorezon-celesat-sepse-nuk-ka-ndonje-qe-te","status":"publish","type":"post","link":"https:\/\/zjarr.tv\/sq\/analisti-i-njohur-plas-deklaraten-e-forte-ne-mes-te-emisionit-basha-nuk-i-dorezon-celesat-sepse-nuk-ka-ndonje-qe-te\/","title":{"rendered":"Analisti i njohur plas deklarat\u00ebn e fort\u00eb n\u00eb mes t\u00eb emisionit: Basha nuk i dor\u00ebzon \u00e7el\u00ebsat, sepse nuk ka ndonj\u00eb q\u00eb t\u00eb\u2026"},"content":{"rendered":"<p>Arjan Curri, ishte i ftuar n\u00eb emisionin \u201cT\u00eb Paekspozuarit\u201d, ku ka komentuar edhe \u00a0mbledhjen e K\u00ebshillit Komb\u00ebtar t\u00eb Partis\u00eb Demokratike, si dhe thirrjet e disa an\u00ebtar\u00ebve p\u00ebr dor\u00ebheqjen e Bash\u00ebs.<\/p>\n<p>Curri tha se Basha \u201cnuk do t\u2019i dor\u00ebzoj\u00eb \u00e7el\u00ebsat\u201d, sepse PD \u00ebsht\u00eb investim personal i Berish\u00ebs dhe Bash\u00ebs, kryesisht p\u00ebr interesa ekonomike.<\/p>\n<p>\u201c<em>Un\u00eb mendoj q\u00eb ky nuk do t\u00eb t\u00ebrhiqet. Kot lodheni. PD, me gjith\u00eb respektin p\u00ebr ata q\u00eb mendojn\u00eb ndryshe nga Basha, \u00ebsht\u00eb investim personal i individ\u00ebve dhe familjar\u00ebve t\u00eb tyre. Kan\u00eb karakter bajraktarizmi, ose klanor.<\/em><\/p>\n<p><em>\u00a0Ka an\u00ebtar\u00eb t\u00eb PD q\u00eb thon\u00eb do t\u00eb votojm\u00eb Bash\u00ebn, se e kemi amanet nga Saliu.<\/em><\/p>\n<p><em>PD, duam apo nuk duam, \u00ebsht\u00eb investim personal i Berish\u00ebs dhe i Bash\u00ebs. T\u2019ju thuash njer\u00ebzve, q\u00eb t\u00eb ik\u00eb Basha dhe t\u00eb vij\u00eb tjet\u00ebr, ai nuk e b\u00ebn.<\/em><\/p>\n<p><em>A ka ndonj\u00ebri k\u00ebllqe t\u2019ja marr\u00eb \u00e7el\u00ebsat? Ai do t\u00eb k\u00ebrkoj rikonfirmim dhe do t\u00eb rikonfirmohet. A ndodh gj\u00eb nga k\u00ebto q\u00eb themi ne? Jo, p\u00ebr fat t\u00eb keq. A mund ti themi zotit Basha, dor\u00ebzo cel\u00ebsat? Nuk i jep ai. Interesa kryesisht ekonomike. Ndoshta kan\u00eb vendosur ta mbajn\u00eb ashtu, t\u00eb presin rradh\u00ebn, ta mbyllin.\u00a0 <\/em><em>Ne b\u00ebjm\u00eb gabim q\u00eb identifikojm\u00eb PD-n\u00eb me opozit\u00ebn dhe opozit\u00ebn me PD-n\u00eb<\/em>\u201c, u shpreh analisti.<\/p>\n<p>&nbsp;<\/p>\n","protected":false},"excerpt":{"rendered":"<p>Arjan Curri, ishte i ftuar n\u00eb emisionin \u201cT\u00eb Paekspozuarit\u201d, ku ka komentuar edhe \u00a0mbledhjen e K\u00ebshillit Komb\u00ebtar t\u00eb Partis\u00eb Demokratike, si dhe thirrjet e disa an\u00ebtar\u00ebve p\u00ebr dor\u00ebheqjen e Bash\u00ebs. Curri tha se Basha \u201cnuk do t\u2019i dor\u00ebzoj\u00eb \u00e7el\u00ebsat\u201d, sepse PD \u00ebsht\u00eb investim personal i Berish\u00ebs dhe Bash\u00ebs, kryesisht p\u00ebr interesa ekonomike. \u201cUn\u00eb mendoj q\u00eb [&hellip;]<\/p>\n","protected":false},"author":2016,"featured_media":183053,"comment_status":"closed","ping_status":"closed","sticky":false,"template":"","format":"standard","meta":{"footnotes":""},"categories":[241,231,1454,235],"tags":[3115],"class_list":{"0":"post-183051","1":"post","2":"type-post","3":"status-publish","4":"format-standard","5":"has-post-thumbnail","7":"category-aktualitet","8":"category-lajme","9":"category-politike","10":"category-vendi","11":"tag-lajme-zjarr-curi-basha-nuk-i-dorezon-celesat-zjarr-tv"},"_links":{"self":[{"href":"https:\/\/zjarr.tv\/sq\/wp-json\/wp\/v2\/posts\/183051","targetHints":{"allow":["GET"]}}],"collection":[{"href":"https:\/\/zjarr.tv\/sq\/wp-json\/wp\/v2\/posts"}],"about":[{"href":"https:\/\/zjarr.tv\/sq\/wp-json\/wp\/v2\/types\/post"}],"author":[{"embeddable":true,"href":"https:\/\/zjarr.tv\/sq\/wp-json\/wp\/v2\/users\/2016"}],"replies":[{"embeddable":true,"href":"https:\/\/zjarr.tv\/sq\/wp-json\/wp\/v2\/comments?post=183051"}],"version-history":[{"count":0,"href":"https:\/\/zjarr.tv\/sq\/wp-json\/wp\/v2\/posts\/183051\/revisions"}],"wp:featuredmedia":[{"embeddable":true,"href":"https:\/\/zjarr.tv\/sq\/wp-json\/wp\/v2\/media\/183053"}],"wp:attachment":[{"href":"https:\/\/zjarr.tv\/sq\/wp-json\/wp\/v2\/media?parent=183051"}],"wp:term":[{"taxonomy":"category","embeddable":true,"href":"https:\/\/zjarr.tv\/sq\/wp-json\/wp\/v2\/categories?post=183051"},{"taxonomy":"post_tag","embeddable":true,"href":"https:\/\/zjarr.tv\/sq\/wp-json\/wp\/v2\/tags?post=183051"}],"curies":[{"name":"wp","href":"https:\/\/api.w.org\/{rel}","templated":true}]}}