{"id":183057,"date":"2021-05-18T09:15:56","date_gmt":"2021-05-18T07:15:56","guid":{"rendered":"https:\/\/zjarr.tv\/?p=183057"},"modified":"2021-05-18T09:15:56","modified_gmt":"2021-05-18T07:15:56","slug":"flet-erdogan-biden-ka-duar-te-pergjakshme-me-mbeshtetjen-qe-i-jep-izraelit","status":"publish","type":"post","link":"https:\/\/zjarr.tv\/sq\/flet-erdogan-biden-ka-duar-te-pergjakshme-me-mbeshtetjen-qe-i-jep-izraelit\/","title":{"rendered":"Flet Erdogan: Biden ka duar t\u00eb p\u00ebrgjakshme me mb\u00ebshtetjen q\u00eb i jep Izraelit\u2026"},"content":{"rendered":"<p>Presidenti i Turqis\u00eb, Recep Tayyip Erdogan, dit\u00ebn e djeshme u shpreh se Presidenti i Shteteve t\u00eb Bashkuara, Joe Biden, ka \u201cduar t\u00eb p\u00ebrgjakshme\u201d, p\u00ebr shkak t\u00eb mb\u00ebshtetjes p\u00ebr Izraelin n\u00eb luft\u00eb me Gaz\u00ebn.<\/p>\n<p>Komentet e Erdoganit, jan\u00eb nd\u00ebr m\u00eb t\u00eb ashprat kund\u00ebr Presidentit Biden, prejse ky i fundit ka marr\u00eb udh\u00ebheqjen e Sht\u00ebpis\u00eb s\u00eb Bardh\u00eb, n\u00eb muajin janar, shkruan AFP.<\/p>\n<p>\u201cJu po e shkruani historin\u00eb me duar t\u00eb p\u00ebrgjakshme\u201d, tha Erdogan n\u00eb nj\u00eb fjalim t\u00eb drejtp\u00ebrdrejt\u00eb televiziv.<\/p>\n<p>\u201cJu na detyruat ta themi k\u00ebt\u00eb, sepse ne nuk mund t\u00eb rrim\u00eb m\u00eb t\u00eb heshtur\u201d, tha Erdogan. \u201cTerritoret palestineze jan\u00eb t\u00eb mbushura me p\u00ebrndjekje, vuajtje , si shum\u00eb territore t\u00eb tjera q\u00eb humb\u00ebn paqen me fundin e Otoman\u00ebve. Dhe, ju po e mb\u00ebshtesni k\u00ebt\u00eb\u201d, tha Erdogan. Dhuna midis Izraelit dhe militant\u00ebve palestinez\u00eb n\u00eb Rripin e Gaz\u00ebs \u00ebsht\u00eb p\u00ebrshkall\u00ebzuar jav\u00ebn e kaluar. Mbi 200 palestinez\u00eb kan\u00eb humbur jet\u00ebn, kan\u00eb raportuar autoritetet n\u00eb Gaza. N\u00eb Izrarel, zyrtar\u00ebt kan\u00eb th\u00ebn\u00eb se 10 vet\u00eb kan\u00eb humbur jet\u00ebn.<\/p>\n<p>Administrata Biden, ka th\u00ebn\u00eb m\u00eb her\u00ebt se Izraeli ka t\u00eb drejt\u00eb t\u00eb mbrohet dhe se populli palestinez ka t\u00eb drejt\u00eb n\u00eb siguri. Sekretari amerikan i Shtetit, Antony Blinken, tha t\u00eb h\u00ebn\u00ebn se SHBA-ja po punon \u201cintensivisht\u201d prapa skenave p\u00ebr t\u2019i dh\u00ebn\u00eb fund k\u00ebsaj lufte.<\/p>\n<p>&nbsp;<\/p>\n","protected":false},"excerpt":{"rendered":"<p>Presidenti i Turqis\u00eb, Recep Tayyip Erdogan, dit\u00ebn e djeshme u shpreh se Presidenti i Shteteve t\u00eb Bashkuara, Joe Biden, ka \u201cduar t\u00eb p\u00ebrgjakshme\u201d, p\u00ebr shkak t\u00eb mb\u00ebshtetjes p\u00ebr Izraelin n\u00eb luft\u00eb me Gaz\u00ebn. Komentet e Erdoganit, jan\u00eb nd\u00ebr m\u00eb t\u00eb ashprat kund\u00ebr Presidentit Biden, prejse ky i fundit ka marr\u00eb udh\u00ebheqjen e Sht\u00ebpis\u00eb s\u00eb Bardh\u00eb, [&hellip;]<\/p>\n","protected":false},"author":2016,"featured_media":183059,"comment_status":"closed","ping_status":"closed","sticky":false,"template":"","format":"standard","meta":{"footnotes":""},"categories":[191],"tags":[3117],"class_list":{"0":"post-183057","1":"post","2":"type-post","3":"status-publish","4":"format-standard","5":"has-post-thumbnail","7":"category-bota","8":"tag-lajme-zjarr-flet-erdogan-zjarr-tv"},"_links":{"self":[{"href":"https:\/\/zjarr.tv\/sq\/wp-json\/wp\/v2\/posts\/183057","targetHints":{"allow":["GET"]}}],"collection":[{"href":"https:\/\/zjarr.tv\/sq\/wp-json\/wp\/v2\/posts"}],"about":[{"href":"https:\/\/zjarr.tv\/sq\/wp-json\/wp\/v2\/types\/post"}],"author":[{"embeddable":true,"href":"https:\/\/zjarr.tv\/sq\/wp-json\/wp\/v2\/users\/2016"}],"replies":[{"embeddable":true,"href":"https:\/\/zjarr.tv\/sq\/wp-json\/wp\/v2\/comments?post=183057"}],"version-history":[{"count":0,"href":"https:\/\/zjarr.tv\/sq\/wp-json\/wp\/v2\/posts\/183057\/revisions"}],"wp:featuredmedia":[{"embeddable":true,"href":"https:\/\/zjarr.tv\/sq\/wp-json\/wp\/v2\/media\/183059"}],"wp:attachment":[{"href":"https:\/\/zjarr.tv\/sq\/wp-json\/wp\/v2\/media?parent=183057"}],"wp:term":[{"taxonomy":"category","embeddable":true,"href":"https:\/\/zjarr.tv\/sq\/wp-json\/wp\/v2\/categories?post=183057"},{"taxonomy":"post_tag","embeddable":true,"href":"https:\/\/zjarr.tv\/sq\/wp-json\/wp\/v2\/tags?post=183057"}],"curies":[{"name":"wp","href":"https:\/\/api.w.org\/{rel}","templated":true}]}}