{"id":183060,"date":"2021-05-18T09:23:45","date_gmt":"2021-05-18T07:23:45","guid":{"rendered":"https:\/\/zjarr.tv\/?p=183060"},"modified":"2021-05-18T09:31:31","modified_gmt":"2021-05-18T07:31:31","slug":"mark-marku-basha-po-fajesohet-pse-i-vodhen-zgjedhjet-me-25-prill","status":"publish","type":"post","link":"https:\/\/zjarr.tv\/sq\/mark-marku-basha-po-fajesohet-pse-i-vodhen-zgjedhjet-me-25-prill\/","title":{"rendered":"Mark Marku: Basha po faj\u00ebsohet pse i vodh\u00ebn Zgjedhjet m\u00eb 25 Prill\u2026"},"content":{"rendered":"<p>Drejtuesi politik i demokrat\u00ebve n\u00eb qarkun e Lezh\u00ebs, Mark Marku, shprehet se kreu i Partis\u00eb Demokratike, Lulzim Basha, po faj\u00ebsohet pse iu vodh\u00ebn Zgjedhjet nga Partia Socialiste.<\/p>\n<p>Marku tha n\u00eb emisionin \u201cOpinion\u201d, se PD duhet t\u00eb shkoj\u00eb n\u00eb Parlament, pasi sipas tij, p\u00ebr t\u00eb kund\u00ebrt\u00ebn jan\u00eb t\u00eb interesuar vet\u00eb socialist\u00ebt.<\/p>\n<p>Ai iu p\u00ebrgjigj dhe ish-Sekretarit t\u00eb P\u00ebrgjithsh\u00ebm t\u00eb PD, Arben Ristani dhe kritik\u00ebve, duke th\u00ebn\u00eb se nuk kan\u00eb folur p\u00ebr 8 vite dhe se reagojn\u00eb pas humbjes s\u00eb k\u00ebsaj force politike.<\/p>\n<p><em style=\"font-weight: inherit;\">\u00a0\u201cUn\u00eb mendoj q\u00eb ka th\u00ebn\u00eb se nuk ka marr\u00ebveshje t\u00eb dyt\u00eb se her\u00ebn e par\u00eb nuk i q\u00ebndruan. Un\u00eb e kam shprehur q\u00ebndrimin para se t\u00eb shpreheshin t\u00eb gjith\u00eb. Un\u00eb mendoj personalisht se zgjedhjet kan\u00eb qen\u00eb m\u00eb t\u00eb manipuluara n\u00eb historin\u00eb e sistemi shqiptar. Un\u00eb kam th\u00ebn\u00eb se n\u00ebse kishte nj\u00eb 97 ishte p\u00ebr shkak se u manipuluan zgjedhjet n\u00eb 96.<\/em>\u00a0<em style=\"font-weight: inherit;\">N\u00ebse ai I blen do hysh prap\u00eb n\u00eb zgjedhje. Po b\u00ebhet fajtor Basha pse i kan\u00eb vjedhur zgjedhjet. Si me t\u00eb ardhur hajduti me t\u00eb vjedhur. Opozita nuk \u00ebsht\u00eb organ akuze. Un\u00eb nuk do b\u00ebj si k\u00ebta q\u00eb 8 vite kan\u00eb heshtur dhe flasin tani.<\/em>\u00a0<em style=\"font-weight: inherit;\">\u00a0Zgjedhjet nuk duheshin b\u00ebr\u00eb n\u00eb 13 qershor sepse t\u00eb b\u00ebsh k\u00ebt\u00eb \u00ebsht\u00eb t\u00eb biesh n\u00eb kurthin e Edi Ram\u00ebs. N\u00eb parlament duhet t\u00eb shkosh se mund t\u00eb b\u00ebsh sfida n\u00eb parlament dhe betej n\u00eb rrug\u00eb.\u00a0PS \u00ebsht\u00eb e interesuar q\u00eb PD t\u00eb mos shkoj\u00eb n\u00eb parlament. Un\u00eb jam p\u00ebr k\u00ebt\u00eb q\u00eb beteja b\u00ebhet. Nuk mund t\u2019i thuash Lulzim Bash\u00ebs sot q\u00eb duhet t\u00eb jap\u00ebsh dor\u00ebheqjen se m\u00eb jan\u00eb manipuluar zgjedhjet\u201d<\/em>, u shpreh Mark Marku.<\/p>\n","protected":false},"excerpt":{"rendered":"<p>Drejtuesi politik i demokrat\u00ebve n\u00eb qarkun e Lezh\u00ebs, Mark Marku, shprehet se kreu i Partis\u00eb Demokratike, Lulzim Basha, po faj\u00ebsohet pse iu vodh\u00ebn Zgjedhjet nga Partia Socialiste. Marku tha n\u00eb emisionin \u201cOpinion\u201d, se PD duhet t\u00eb shkoj\u00eb n\u00eb Parlament, pasi sipas tij, p\u00ebr t\u00eb kund\u00ebrt\u00ebn jan\u00eb t\u00eb interesuar vet\u00eb socialist\u00ebt. Ai iu p\u00ebrgjigj dhe ish-Sekretarit [&hellip;]<\/p>\n","protected":false},"author":2016,"featured_media":183062,"comment_status":"closed","ping_status":"closed","sticky":false,"template":"","format":"standard","meta":{"footnotes":""},"categories":[241],"tags":[3118],"class_list":{"0":"post-183060","1":"post","2":"type-post","3":"status-publish","4":"format-standard","5":"has-post-thumbnail","7":"category-aktualitet","8":"tag-lajme-zjarr-marku-basha-po-fajesohet-pse-i-vodhen-zgjedhjet-zjarr-tv"},"_links":{"self":[{"href":"https:\/\/zjarr.tv\/sq\/wp-json\/wp\/v2\/posts\/183060","targetHints":{"allow":["GET"]}}],"collection":[{"href":"https:\/\/zjarr.tv\/sq\/wp-json\/wp\/v2\/posts"}],"about":[{"href":"https:\/\/zjarr.tv\/sq\/wp-json\/wp\/v2\/types\/post"}],"author":[{"embeddable":true,"href":"https:\/\/zjarr.tv\/sq\/wp-json\/wp\/v2\/users\/2016"}],"replies":[{"embeddable":true,"href":"https:\/\/zjarr.tv\/sq\/wp-json\/wp\/v2\/comments?post=183060"}],"version-history":[{"count":0,"href":"https:\/\/zjarr.tv\/sq\/wp-json\/wp\/v2\/posts\/183060\/revisions"}],"wp:featuredmedia":[{"embeddable":true,"href":"https:\/\/zjarr.tv\/sq\/wp-json\/wp\/v2\/media\/183062"}],"wp:attachment":[{"href":"https:\/\/zjarr.tv\/sq\/wp-json\/wp\/v2\/media?parent=183060"}],"wp:term":[{"taxonomy":"category","embeddable":true,"href":"https:\/\/zjarr.tv\/sq\/wp-json\/wp\/v2\/categories?post=183060"},{"taxonomy":"post_tag","embeddable":true,"href":"https:\/\/zjarr.tv\/sq\/wp-json\/wp\/v2\/tags?post=183060"}],"curies":[{"name":"wp","href":"https:\/\/api.w.org\/{rel}","templated":true}]}}