{"id":183222,"date":"2021-05-18T17:24:37","date_gmt":"2021-05-18T15:24:37","guid":{"rendered":"https:\/\/zjarr.tv\/?p=183222"},"modified":"2021-05-18T17:24:37","modified_gmt":"2021-05-18T15:24:37","slug":"lajmi-i-fundit-gjkko-jep-vendimin-per-grupin-e-habilajve","status":"publish","type":"post","link":"https:\/\/zjarr.tv\/sq\/lajmi-i-fundit-gjkko-jep-vendimin-per-grupin-e-habilajve\/","title":{"rendered":"LAJMI I FUNDIT\/ GJKKO jep vendimin p\u00ebr grupin e Habilajve"},"content":{"rendered":"<p>Gjykata a e Posa\u00e7me ka dh\u00ebn\u00eb 37 vite burg p\u00ebr Moisi Habilajn dhe tre an\u00ebtar\u00ebt e band\u00ebs s\u00eb tij. GJKKO ka d\u00ebnuar me 10 vite burg Moisi Habiljan nd\u00ebrsa me nga 9 vite jan\u00eb d\u00ebnuar Nezar Seiti, Meridian Sulaj dhe Fatmir Minaj.<\/p>\n<p>Ata akuzohen p\u00ebr trafik t\u00eb lend\u00ebve narkotike ne kuadu\u00ebr t\u00eb grupit t\u00eb strukturuar kriminal. 4 t\u00eb pandehurit p\u00ebrfituan 1\/3 e uljes s\u00eb d\u00ebnimit p\u00ebr shkak t\u00eb gjykimit t\u00eb shkurtuar.<\/p>\n","protected":false},"excerpt":{"rendered":"<p>Gjykata a e Posa\u00e7me ka dh\u00ebn\u00eb 37 vite burg p\u00ebr Moisi Habilajn dhe tre an\u00ebtar\u00ebt e band\u00ebs s\u00eb tij. GJKKO ka d\u00ebnuar me 10 vite burg Moisi Habiljan nd\u00ebrsa me nga 9 vite jan\u00eb d\u00ebnuar Nezar Seiti, Meridian Sulaj dhe Fatmir Minaj. Ata akuzohen p\u00ebr trafik t\u00eb lend\u00ebve narkotike ne kuadu\u00ebr t\u00eb grupit t\u00eb strukturuar [&hellip;]<\/p>\n","protected":false},"author":2031,"featured_media":183223,"comment_status":"closed","ping_status":"closed","sticky":false,"template":"","format":"standard","meta":{"footnotes":""},"categories":[231],"tags":[3131,312,458],"class_list":{"0":"post-183222","1":"post","2":"type-post","3":"status-publish","4":"format-standard","5":"has-post-thumbnail","7":"category-lajme","8":"tag-habilaj","9":"tag-lajme","10":"tag-zjarrtv"},"_links":{"self":[{"href":"https:\/\/zjarr.tv\/sq\/wp-json\/wp\/v2\/posts\/183222","targetHints":{"allow":["GET"]}}],"collection":[{"href":"https:\/\/zjarr.tv\/sq\/wp-json\/wp\/v2\/posts"}],"about":[{"href":"https:\/\/zjarr.tv\/sq\/wp-json\/wp\/v2\/types\/post"}],"author":[{"embeddable":true,"href":"https:\/\/zjarr.tv\/sq\/wp-json\/wp\/v2\/users\/2031"}],"replies":[{"embeddable":true,"href":"https:\/\/zjarr.tv\/sq\/wp-json\/wp\/v2\/comments?post=183222"}],"version-history":[{"count":0,"href":"https:\/\/zjarr.tv\/sq\/wp-json\/wp\/v2\/posts\/183222\/revisions"}],"wp:featuredmedia":[{"embeddable":true,"href":"https:\/\/zjarr.tv\/sq\/wp-json\/wp\/v2\/media\/183223"}],"wp:attachment":[{"href":"https:\/\/zjarr.tv\/sq\/wp-json\/wp\/v2\/media?parent=183222"}],"wp:term":[{"taxonomy":"category","embeddable":true,"href":"https:\/\/zjarr.tv\/sq\/wp-json\/wp\/v2\/categories?post=183222"},{"taxonomy":"post_tag","embeddable":true,"href":"https:\/\/zjarr.tv\/sq\/wp-json\/wp\/v2\/tags?post=183222"}],"curies":[{"name":"wp","href":"https:\/\/api.w.org\/{rel}","templated":true}]}}