{"id":183252,"date":"2021-05-19T07:24:13","date_gmt":"2021-05-19T05:24:13","guid":{"rendered":"https:\/\/zjarr.tv\/?p=183252"},"modified":"2021-05-19T07:24:13","modified_gmt":"2021-05-19T05:24:13","slug":"yuri-kim-jemi-te-kenaqur-me-menyren-si-u-zhvilluan-zgjedhjet-e-25-prillit","status":"publish","type":"post","link":"https:\/\/zjarr.tv\/sq\/yuri-kim-jemi-te-kenaqur-me-menyren-si-u-zhvilluan-zgjedhjet-e-25-prillit\/","title":{"rendered":"Yuri Kim: Jemi t\u00eb k\u00ebnaqur me m\u00ebnyr\u00ebn si u zhvilluan Zgjedhjet e 25 Prillit\u2026"},"content":{"rendered":"<p>Mbr\u00ebmjen e djeshme, Ambasadorja e SHBA Yuri Kim, ishte e ftuar n\u00eb emisionin \u201cOpininon\u201d, ku ka komentuar edhe Zgjedhjet Parlamentare t\u00eb 25 Prillit. Kim \u00ebsht\u00eb shprehur se SHBA, \u00ebsht\u00eb e k\u00ebnaqur me m\u00ebnyr\u00ebn se si u zhvilluan Zgjedhjet n\u00eb vendin ton\u00eb.<\/p>\n<p>Ambasadorja thot\u00eb se ODIHR, kan\u00eb deklaruar se Zgjedhjet ishin t\u00eb rregullta, pavar\u00ebsisht disa problemeve t\u00eb cilat nuk cenuan procesin zgjedhor.<\/p>\n<p>Gjithashtu, diplomatja amerikane se ka uruar Kryeministrin Edi Rama, p\u00ebr fitoren e mandatit t\u00eb tret\u00eb qeveris\u00ebs si dhe kryedemokratin Lulzim Basha, p\u00ebr zhvillimin e nj\u00eb fushate t\u00eb fort\u00eb.<\/p>\n<p><em style=\"font-weight: inherit;\">\u201cMendoj q\u00eb ODIHR, q\u00eb jan\u00eb v\u00ebrtet ekspert\u00ebt p\u00ebr zgjedhjet, kan\u00eb nxjerr\u00eb gjetjet e tyre fillestare dhe ne i kemi mbajtur sh\u00ebnim. P\u00ebr shembull, ata v\u00ebrejn\u00eb q\u00eb zgjedhjet ishin t\u00eb rregullta dhe p\u00ebrg\u00ebzuan autoritetet p\u00ebr administrimin e zgjedhjeve shum\u00eb mir\u00eb. Megjithat\u00eb, v\u00ebrejt\u00ebn edhe disa probleme dhe pritshm\u00ebria jon\u00eb, si SHBA, \u00ebsht\u00eb q\u00eb ato probleme do t\u00eb trajtohen, por p\u00ebr pjes\u00ebn m\u00eb t\u00eb madhe, si\u00e7 e pat\u00eb n\u00eb deklarat\u00ebn q\u00eb nxor\u00ebm nga Uashingtoni, p\u00ebrg\u00ebzuam popullin shqiptar p\u00ebr zgjedhje t\u00eb mira, uruam Kryeministrin Rama p\u00ebr fitoren. Po ashtu, uruam edhe partin\u00eb e opozit\u00ebs p\u00ebr zhvillimin e nj\u00eb fushate shum\u00eb t\u00eb fort\u00eb. Prandaj mendoj q\u00eb n\u00eb t\u00ebr\u00ebsi, jemi t\u00eb k\u00ebnaqur me m\u00ebnyr\u00ebn si u zhvilluan zgjedhjet.\u201d-<\/em>k\u00ebshtu u shpreh ambasadorja Yuri Kim.<\/p>\n<p>&nbsp;<\/p>\n<p>&nbsp;<\/p>\n","protected":false},"excerpt":{"rendered":"<p>Mbr\u00ebmjen e djeshme, Ambasadorja e SHBA Yuri Kim, ishte e ftuar n\u00eb emisionin \u201cOpininon\u201d, ku ka komentuar edhe Zgjedhjet Parlamentare t\u00eb 25 Prillit. Kim \u00ebsht\u00eb shprehur se SHBA, \u00ebsht\u00eb e k\u00ebnaqur me m\u00ebnyr\u00ebn se si u zhvilluan Zgjedhjet n\u00eb vendin ton\u00eb. Ambasadorja thot\u00eb se ODIHR, kan\u00eb deklaruar se Zgjedhjet ishin t\u00eb rregullta, pavar\u00ebsisht disa problemeve [&hellip;]<\/p>\n","protected":false},"author":2016,"featured_media":183254,"comment_status":"closed","ping_status":"closed","sticky":false,"template":"","format":"standard","meta":{"footnotes":""},"categories":[241],"tags":[3135],"class_list":{"0":"post-183252","1":"post","2":"type-post","3":"status-publish","4":"format-standard","5":"has-post-thumbnail","7":"category-aktualitet","8":"tag-lajme-zjarr-kim-jemi-te-kenaqur-per-zgjedhjet-zjarr-tv"},"_links":{"self":[{"href":"https:\/\/zjarr.tv\/sq\/wp-json\/wp\/v2\/posts\/183252","targetHints":{"allow":["GET"]}}],"collection":[{"href":"https:\/\/zjarr.tv\/sq\/wp-json\/wp\/v2\/posts"}],"about":[{"href":"https:\/\/zjarr.tv\/sq\/wp-json\/wp\/v2\/types\/post"}],"author":[{"embeddable":true,"href":"https:\/\/zjarr.tv\/sq\/wp-json\/wp\/v2\/users\/2016"}],"replies":[{"embeddable":true,"href":"https:\/\/zjarr.tv\/sq\/wp-json\/wp\/v2\/comments?post=183252"}],"version-history":[{"count":0,"href":"https:\/\/zjarr.tv\/sq\/wp-json\/wp\/v2\/posts\/183252\/revisions"}],"wp:featuredmedia":[{"embeddable":true,"href":"https:\/\/zjarr.tv\/sq\/wp-json\/wp\/v2\/media\/183254"}],"wp:attachment":[{"href":"https:\/\/zjarr.tv\/sq\/wp-json\/wp\/v2\/media?parent=183252"}],"wp:term":[{"taxonomy":"category","embeddable":true,"href":"https:\/\/zjarr.tv\/sq\/wp-json\/wp\/v2\/categories?post=183252"},{"taxonomy":"post_tag","embeddable":true,"href":"https:\/\/zjarr.tv\/sq\/wp-json\/wp\/v2\/tags?post=183252"}],"curies":[{"name":"wp","href":"https:\/\/api.w.org\/{rel}","templated":true}]}}