{"id":183258,"date":"2021-05-19T07:55:04","date_gmt":"2021-05-19T05:55:04","guid":{"rendered":"https:\/\/zjarr.tv\/?p=183258"},"modified":"2021-05-19T07:55:04","modified_gmt":"2021-05-19T05:55:04","slug":"yuri-kim-pd-te-kthehet-ne-parlament-partite-te-njohin-rezultatin-e-zgjedhjeve","status":"publish","type":"post","link":"https:\/\/zjarr.tv\/sq\/yuri-kim-pd-te-kthehet-ne-parlament-partite-te-njohin-rezultatin-e-zgjedhjeve\/","title":{"rendered":"Yuri Kim: PD t\u00eb kthehet n\u00eb Parlament\/ Partit\u00eb t\u00eb njohin rezultatin e Zgjedhjeve\u2026"},"content":{"rendered":"<p>Ambasadorja Yuri Kim, mbr\u00ebmjen e djeshme, p\u00ebrball\u00eb gazetarit Blendi Fevziut, \u00ebsht\u00eb shprehur se \u00ebsht\u00eb e r\u00ebnd\u00ebsishme p\u00ebr Shqip\u00ebrin\u00eb q\u00eb t\u00eb gjitha pal\u00ebt politike, t\u00eb njohin rezultatin e Zgjedhjeve Parlamentare t\u00eb 25 Prillit. Ambasadorja thot\u00eb se; SHBA pret q\u00eb n\u00eb muajin shtator, Partia Demokratike t\u00eb kthehet n\u00eb Parlament, duke th\u00ebn\u00eb se vendi ka nevoj\u00eb p\u00ebr nj\u00eb opozit\u00eb t\u00eb plot\u00eb. Kim u referohet deklaratave t\u00eb kryedemokratit, Lulzim Basha, duke th\u00ebn\u00eb se pavar\u00ebsisht kund\u00ebrshtimeve t\u00eb tij, PD do t\u00eb jet\u00eb e pranishme n\u00eb Parlament.<\/p>\n<p><strong style=\"font-style: inherit;\">Blendi Fevziu:<\/strong>\u00a0Dhe, ambasadore, PD ka th\u00ebn\u00eb edhe q\u00eb nuk do t\u2019i pranoj\u00eb kurr\u00eb rezultatet e Zgjedhjeve t\u00eb 25 Prillit. Thon\u00eb se Zgjedhjet jan\u00eb manipuluar? \u00c7far\u00eb do t\u00eb thot\u00eb kjo p\u00ebr Shqip\u00ebrin\u00eb, p\u00ebr integrimin ton\u00eb, si dhe p\u00ebr ju personalisht?<\/p>\n<p><strong style=\"font-style: inherit;\">Ambasadorja Kim:<\/strong>\u00a0Mendoj se p\u00ebr Shtetet e Bashkuara, pik\u00ebpamja jon\u00eb \u00ebsht\u00eb shum\u00eb e qart\u00eb. N\u00eb deklarat\u00ebn q\u00eb nxor\u00ebm nga Uashingtoni, v\u00ebrejt\u00ebm se \u00ebsht\u00eb me r\u00ebnd\u00ebsi q\u00eb t\u00eb gjitha partit\u00eb t\u00eb njohin rezultatet e zgjedhjeve dhe p\u00ebr sa \u00ebsht\u00eb e mundur, q\u00eb partit\u00eb tani t\u00eb mendojn\u00eb se si t\u2019i sh\u00ebrbejn\u00eb popullit shqiptar, t\u00eb gjith\u00eb popullit shqiptar. Pra, po presim me k\u00ebnaq\u00ebsi q\u00eb t\u00eb punojm\u00eb me t\u00eb gjitha pal\u00ebt, t\u00eb shohim se \u00e7far\u00eb mund t\u00eb b\u00ebjm\u00eb s\u00ebbasku si Shtetet e Bashkuara dhe Shqip\u00ebria dhe m\u00eb duhet t\u00eb them se; m\u00eb e r\u00ebnd\u00ebsishmja p\u00ebr ne \u00ebsht\u00eb q\u00eb Shqip\u00ebria ka qen\u00eb tep\u00ebr gjat\u00eb pa nj\u00eb opozit\u00eb t\u00eb plot\u00eb n\u00eb Parlament.<\/p>\n<p><strong style=\"font-style: inherit;\">Pjes\u00eb nga intervista<\/strong><\/p>\n<p><strong style=\"font-style: inherit;\">Blendi Fevziu:<\/strong>\u00a0Dy vjet, thuajse dy vjet.<\/p>\n<p><strong style=\"font-style: inherit;\">Ambasadorja Kim:<\/strong>\u00a0\u2026Pothuajse dy vjet. Tani, disa deputet\u00eb q\u00ebndruan dhe b\u00ebn\u00eb gj\u00ebn\u00eb e duhur. Dhe pik\u00ebpamja jon\u00eb \u00ebsht\u00eb se t\u00eb gjith\u00eb duhet t\u00eb kishin q\u00ebndruar n\u00eb parlament, por kjo \u00ebsht\u00eb e kaluara. Tani, teksa presim shtatorin, presim me k\u00ebnaq\u00ebsi q\u00eb Partia Demokratike, e cila \u00ebsht\u00eb nj\u00eb parti e r\u00ebnd\u00ebsishme, e cila ka dh\u00ebn\u00eb kontribute shum\u00eb t\u00eb r\u00ebnd\u00ebsishme\u00a0 historike p\u00ebr zhvillimin e Shqip\u00ebris\u00eb. Nevojitet t\u2019i shohim t\u00eb kthehen n\u00eb Parlament dhe jemi shum\u00eb t\u00eb k\u00ebnaqur t\u00eb shohim deklaratat e tyre ku b\u00ebjn\u00eb t\u00eb qart\u00eb se kur t\u00eb vij\u00eb shtatori, do t\u00eb kthehen n\u00eb Parlament.<\/p>\n<p><strong style=\"font-style: inherit;\">Blendi Fevziu:<\/strong>\u00a0A mendoni se PD do t\u00eb marr\u00eb pjes\u00eb n\u00eb Parlament?<\/p>\n<p><strong style=\"font-style: inherit;\">Ambasadorja Kim:<\/strong>\u00a0Po.<\/p>\n<p><strong style=\"font-style: inherit;\">Blendi Fevziu:<\/strong>\u00a0Edhe n\u00ebse nuk i pranojn\u00eb rezultatet?<\/p>\n<p><strong style=\"font-style: inherit;\">Ambasadorja Kim:<\/strong>\u00a0Mendoj se gjith\u00e7ka tjet\u00ebr q\u00eb mund t\u00eb jen\u00eb duke th\u00ebn\u00eb, po t\u00eb shoh\u00ebsh deklaratat nga Lulzim Basha dhe kushdo tjet\u00ebr n\u00eb PD, b\u00ebjn\u00eb shum\u00eb t\u00eb qart\u00eb q\u00eb pavar\u00ebsisht \u00e7far\u00ebdo kund\u00ebrshtimesh q\u00eb kan\u00eb, do t\u00eb jen\u00eb n\u00eb parlament n\u00eb shtator. Dhe kjo \u00ebsht\u00eb v\u00ebrtet\u00eb e r\u00ebnd\u00ebsishme.<\/p>\n<p><strong style=\"font-style: inherit;\">Blendi Fevziu:<\/strong>\u00a0Por ka shum\u00eb komente q\u00eb i thon\u00eb Bash\u00ebs t\u00eb ndahet nga ambasador\u00ebt e BE apo SHBA dhe ambasador\u00eb t\u00eb tjer\u00eb europian\u00eb, sepse si\u00e7 thon\u00eb ata, ambasador\u00ebt mb\u00ebshtesin Ram\u00ebn. \u00c7far\u00eb mendoni p\u00ebr k\u00ebt\u00eb?<\/p>\n<p><strong style=\"font-style: inherit;\">Ambasadorja Kim:<\/strong>\u00a0Un\u00eb e di cila \u00ebsht\u00eb puna ime.<\/p>\n<p><strong style=\"font-style: inherit;\">Blendi Fevziu:<\/strong>\u00a0Po k\u00ebrkojn\u00eb nj\u00eb rrug\u00eb radikale, nj\u00eb rrug\u00eb t\u00eb re radikale nga PD.<\/p>\n<p><strong style=\"font-style: inherit;\">Ambasadorja Kim:<\/strong>\u00a0E dini, njer\u00ebzit jan\u00eb t\u00eb lir\u00eb t\u00eb shprehin pik\u00ebpamjet e tyre dhe mendoj q\u00eb kur zhvillohen zgjedhje, ka festim, por ka edhe zhg\u00ebnjim, por \u00ebsht\u00eb shum\u00eb e r\u00ebnd\u00ebsishme q\u00eb t\u00eb ket\u00eb diskutime t\u00eb hapura p\u00ebr \u00e7far\u00eb ndodhi dhe se cila \u00ebsht\u00eb rruga p\u00ebrpara. Un\u00eb p\u00ebr vete, e di cila \u00ebsht\u00eb detyra ime. Detyra ime \u00ebsht\u00eb t\u00eb p\u00ebrfaq\u00ebsoj Shtetet e Bashkuara t\u00eb Amerik\u00ebs, t\u00eb p\u00ebrfaq\u00ebsoj pozicionin e vendit tim. Dhe kur vjen fjala te kjo, ne duam nj\u00eb marr\u00ebdh\u00ebnie t\u00eb ngusht\u00eb me Shqip\u00ebrin\u00eb. Duam q\u00eb t\u00eb jet\u00eb edhe m\u00eb e ngusht\u00eb. Dhe nuk ka r\u00ebnd\u00ebsi kush \u00ebsht\u00eb n\u00eb pushtet. Kemi punuar jasht\u00ebzakonisht mir\u00eb me cilindo ka q\u00eblluar t\u00eb jet\u00eb zgjedhur nga populli shqiptar dhe do t\u00eb vazhdojm\u00eb ta b\u00ebjm\u00eb k\u00ebt\u00eb.<\/p>\n<p>&nbsp;<\/p>\n","protected":false},"excerpt":{"rendered":"<p>Ambasadorja Yuri Kim, mbr\u00ebmjen e djeshme, p\u00ebrball\u00eb gazetarit Blendi Fevziut, \u00ebsht\u00eb shprehur se \u00ebsht\u00eb e r\u00ebnd\u00ebsishme p\u00ebr Shqip\u00ebrin\u00eb q\u00eb t\u00eb gjitha pal\u00ebt politike, t\u00eb njohin rezultatin e Zgjedhjeve Parlamentare t\u00eb 25 Prillit. Ambasadorja thot\u00eb se; SHBA pret q\u00eb n\u00eb muajin shtator, Partia Demokratike t\u00eb kthehet n\u00eb Parlament, duke th\u00ebn\u00eb se vendi ka nevoj\u00eb p\u00ebr nj\u00eb [&hellip;]<\/p>\n","protected":false},"author":2016,"featured_media":183260,"comment_status":"closed","ping_status":"closed","sticky":false,"template":"","format":"standard","meta":{"footnotes":""},"categories":[241],"tags":[3137],"class_list":{"0":"post-183258","1":"post","2":"type-post","3":"status-publish","4":"format-standard","5":"has-post-thumbnail","7":"category-aktualitet","8":"tag-lajme-zjarr-kim-pd-te-kthehet-ne-parlament-zjarr-tv"},"_links":{"self":[{"href":"https:\/\/zjarr.tv\/sq\/wp-json\/wp\/v2\/posts\/183258","targetHints":{"allow":["GET"]}}],"collection":[{"href":"https:\/\/zjarr.tv\/sq\/wp-json\/wp\/v2\/posts"}],"about":[{"href":"https:\/\/zjarr.tv\/sq\/wp-json\/wp\/v2\/types\/post"}],"author":[{"embeddable":true,"href":"https:\/\/zjarr.tv\/sq\/wp-json\/wp\/v2\/users\/2016"}],"replies":[{"embeddable":true,"href":"https:\/\/zjarr.tv\/sq\/wp-json\/wp\/v2\/comments?post=183258"}],"version-history":[{"count":0,"href":"https:\/\/zjarr.tv\/sq\/wp-json\/wp\/v2\/posts\/183258\/revisions"}],"wp:featuredmedia":[{"embeddable":true,"href":"https:\/\/zjarr.tv\/sq\/wp-json\/wp\/v2\/media\/183260"}],"wp:attachment":[{"href":"https:\/\/zjarr.tv\/sq\/wp-json\/wp\/v2\/media?parent=183258"}],"wp:term":[{"taxonomy":"category","embeddable":true,"href":"https:\/\/zjarr.tv\/sq\/wp-json\/wp\/v2\/categories?post=183258"},{"taxonomy":"post_tag","embeddable":true,"href":"https:\/\/zjarr.tv\/sq\/wp-json\/wp\/v2\/tags?post=183258"}],"curies":[{"name":"wp","href":"https:\/\/api.w.org\/{rel}","templated":true}]}}