{"id":183267,"date":"2021-05-19T08:55:52","date_gmt":"2021-05-19T06:55:52","guid":{"rendered":"https:\/\/zjarr.tv\/?p=183267"},"modified":"2021-05-19T08:55:52","modified_gmt":"2021-05-19T06:55:52","slug":"largimi-i-tom-doshit-nga-kuvendi-yuri-kim-kemi-furnizuar-prokurorine-me-informacion","status":"publish","type":"post","link":"https:\/\/zjarr.tv\/sq\/largimi-i-tom-doshit-nga-kuvendi-yuri-kim-kemi-furnizuar-prokurorine-me-informacion\/","title":{"rendered":"Largimi i Tom Doshit nga Kuvendi\/ Yuri Kim: Kemi furnizuar prokurorin\u00eb me informacion\u2026"},"content":{"rendered":"<p>Ambasadorja Amerikane Yuri Kim, n\u00eb studion e emsionit \u201cOpinion\u201d, \u00a0\u00ebsht\u00eb pyetur n\u00eb lidhje me largimin e Tom Doshit nga Parlamenti.<br \/>\nKim u shpreh se pozicioni i SHBA-s\u00eb n\u00eb k\u00ebt\u00eb rast ka qen\u00eb i qart\u00eb, nd\u00ebrsa pohoi se Ambasada Amerikane, i ka \u00e7uar informacione Prokuroris\u00eb lidhur me rastin Doshi.<\/p>\n<p>Pjes\u00eb nga intervista n\u00eb studio<\/p>\n<p>Blendi Fevziu: A mendoni se largimi i Tom Doshit nga Parlamenti ka qen\u00eb rezultat i deklaratave tuaja?<br \/>\nAmbasadorja Kim: Mendoj se \u00ebsht\u00eb rezultat i shum\u00eb k\u00ebrkesave nga publiku n\u00eb fakt, por sigurisht edhe pozicioni yn\u00eb si Shtetet e Bashkuara ka qen\u00eb shum\u00eb i qart\u00eb.<\/p>\n<p>Blendi Fevziu: Prokuroria e P\u00ebrgjithshme ju ka k\u00ebrkuar informacion p\u00ebr Doshin dhe p\u00ebrfshirjet e tij. E keni d\u00ebrguar k\u00ebt\u00eb informacion atje?<br \/>\nAmbasadorja Kim: Po, e kemi furnizuar at\u00eb informacion.<br \/>\nBlendi Fevziu: P\u00ebrpara zgjedhjeve?<br \/>\nAmbasadorja Kim: Po.<\/p>\n<p>Blendi Fevziu: Dhe a kishte reagim nga Prokuroria e P\u00ebrgjithshme?<br \/>\nAmbasadorja Kim: Mendoj se jan\u00eb duke e par\u00eb. Mendoj se nj\u00eb nga \u00e7\u00ebshtjet \u00ebsht\u00eb q\u00eb, p\u00ebr k\u00ebto raste p\u00ebrcaktimesh nga SHBA, nj\u00eb pjes\u00eb ose shum\u00eb mund t\u00eb bazohet n\u00eb informacion t\u00eb klasifikuar, t\u00eb cilin nuk mundemi ta ndajm\u00eb me t\u00eb tjer\u00eb.<\/p>\n<p>&nbsp;<\/p>\n","protected":false},"excerpt":{"rendered":"<p>Ambasadorja Amerikane Yuri Kim, n\u00eb studion e emsionit \u201cOpinion\u201d, \u00a0\u00ebsht\u00eb pyetur n\u00eb lidhje me largimin e Tom Doshit nga Parlamenti. Kim u shpreh se pozicioni i SHBA-s\u00eb n\u00eb k\u00ebt\u00eb rast ka qen\u00eb i qart\u00eb, nd\u00ebrsa pohoi se Ambasada Amerikane, i ka \u00e7uar informacione Prokuroris\u00eb lidhur me rastin Doshi. Pjes\u00eb nga intervista n\u00eb studio Blendi Fevziu: [&hellip;]<\/p>\n","protected":false},"author":2016,"featured_media":183269,"comment_status":"closed","ping_status":"closed","sticky":false,"template":"","format":"standard","meta":{"footnotes":""},"categories":[241],"tags":[3140],"class_list":{"0":"post-183267","1":"post","2":"type-post","3":"status-publish","4":"format-standard","5":"has-post-thumbnail","7":"category-aktualitet","8":"tag-lajme-zjarr-kim-flet-per-doshin-zjarr-tv"},"_links":{"self":[{"href":"https:\/\/zjarr.tv\/sq\/wp-json\/wp\/v2\/posts\/183267","targetHints":{"allow":["GET"]}}],"collection":[{"href":"https:\/\/zjarr.tv\/sq\/wp-json\/wp\/v2\/posts"}],"about":[{"href":"https:\/\/zjarr.tv\/sq\/wp-json\/wp\/v2\/types\/post"}],"author":[{"embeddable":true,"href":"https:\/\/zjarr.tv\/sq\/wp-json\/wp\/v2\/users\/2016"}],"replies":[{"embeddable":true,"href":"https:\/\/zjarr.tv\/sq\/wp-json\/wp\/v2\/comments?post=183267"}],"version-history":[{"count":0,"href":"https:\/\/zjarr.tv\/sq\/wp-json\/wp\/v2\/posts\/183267\/revisions"}],"wp:featuredmedia":[{"embeddable":true,"href":"https:\/\/zjarr.tv\/sq\/wp-json\/wp\/v2\/media\/183269"}],"wp:attachment":[{"href":"https:\/\/zjarr.tv\/sq\/wp-json\/wp\/v2\/media?parent=183267"}],"wp:term":[{"taxonomy":"category","embeddable":true,"href":"https:\/\/zjarr.tv\/sq\/wp-json\/wp\/v2\/categories?post=183267"},{"taxonomy":"post_tag","embeddable":true,"href":"https:\/\/zjarr.tv\/sq\/wp-json\/wp\/v2\/tags?post=183267"}],"curies":[{"name":"wp","href":"https:\/\/api.w.org\/{rel}","templated":true}]}}