{"id":183270,"date":"2021-05-19T09:33:37","date_gmt":"2021-05-19T07:33:37","guid":{"rendered":"https:\/\/zjarr.tv\/?p=183270"},"modified":"2021-05-19T09:33:37","modified_gmt":"2021-05-19T07:33:37","slug":"arjan-curri-debat-me-gazetaren-klodiana-lala-e-keni-bere-shqiperine-banda-ti-ke-semundje-profesionale","status":"publish","type":"post","link":"https:\/\/zjarr.tv\/sq\/arjan-curri-debat-me-gazetaren-klodiana-lala-e-keni-bere-shqiperine-banda-ti-ke-semundje-profesionale\/","title":{"rendered":"Arjan Curri debat me gazetaren Klodiana Lala: E keni b\u00ebr\u00eb Shqip\u00ebrin\u00eb banda, ti ke s\u00ebmundje profesionale\u2026"},"content":{"rendered":"<p>Pedagogu Arjan Curri, \u00ebsht\u00eb p\u00ebrfshir\u00eb n\u00eb nj\u00eb debat n\u00eb emision me gazetaren Klodiana Lala, teksa ishin duke folur p\u00ebr ngjarjen e r\u00ebnd\u00eb n\u00eb Shkod\u00ebr, ku dje n\u00eb m\u00ebngjes u gjet i pajet\u00eb n\u00eb zon\u00ebn e Livadheve, 32-vje\u00e7ari Endri Mustafa. Ai ishte keqtrajtuar dhe kishte marr\u00eb nj\u00eb plumb n\u00eb goj\u00eb, dy n\u00eb kok\u00eb dhe tre n\u00eb gjoks. Pjes\u00eb e debatit t\u00eb djesh\u00ebm n\u00eb \u201cOpen\u201d, u b\u00eb dhe fakti n\u00ebse ishte apo jo nj\u00eb eleminim mafioz. Curri k\u00ebmb\u00ebnguli duke th\u00ebn\u00eb se nuk ka lidhje m\u00ebnyra e eleminimit dhe nuk nuk mund t\u00eb cil\u00ebsohet si e till\u00eb, n\u00eb form\u00eb kodi apo mesazhi.<\/p>\n<p>Nga ana tjet\u00ebr, Lala mb\u00ebshteti teorin\u00eb se ishte nj\u00eb eleminin i mir\u00ebmenduar dhe i planifikuar, duke par\u00eb dhe m\u00ebnyr\u00ebn se si ishte eleminuar viktima. P\u00ebr Currin, nj\u00eb eleminim afioze cil\u00ebsohet ajo e cila porositet nga bandat, si dhe jo \u00e7do eleminim ordiner n\u00eb mes t\u00eb balt\u00ebs dhe ferrave. \u201cTi e ke s\u00ebmundje profesionale, t\u00eb duken t\u00eb gjith\u00eb nj\u00ebsoj dhe banda e mafie. Edhe mua m\u00eb duket sikur t\u00eb gjith\u00eb student\u00ebt kopjojn\u00eb, por nuk \u00ebsht\u00eb k\u00ebshtu. Ju e keni b\u00ebr\u00eb Shqip\u00ebrin\u00eb vet\u00ebm banda, banda. Un\u00eb jap k*riminologji n\u00eb auditor\u00eb, e njoh mire, \u00a0i tha Curri gazetares Lala.<\/p>\n<p><strong>Curri:<\/strong><em>\u00a0<\/em>Ti e ke s\u00ebmundje profesionale, t\u00eb duken t\u00eb gjith\u00eb jan\u00eb dhe banda e mafie. Edhe mua m\u00eb duket sikur t\u00eb gjith\u00eb student\u00ebt kopjojn\u00eb, por nuk \u00ebsht\u00eb k\u00ebshtu. Ju e keni b\u00ebr\u00eb Shqip\u00ebrin\u00eb vet\u00ebm banda, banda. Un\u00eb jap k*riminologji n\u00eb auditor\u00eb, e njoh mir\u00eb.<\/p>\n<p><strong>Lala:<\/strong><em>\u00a0<\/em>Ish ministri Xhafaj ka th\u00ebn\u00eb se ekzistojn\u00eb k\u00ebto grupe. Personat q\u00eb nuk kan\u00eb b\u00ebr\u00eb nj\u00eb rr\u00ebmbim klasik q\u00eb e kan\u00eb marr\u00eb dhe keqtrajtohet dhe mendohet se kan\u00eb munduar t\u00eb nxjerrin detaje.<\/p>\n<p><strong>Curri:<\/strong>\u00a0Mund t\u00eb ken\u00eb qen\u00eb banda rivale, por kjo se b\u00ebn mafioze. E di cfar\u00eb \u00ebsht\u00eb organizat\u00eb, grup i strukturuar dhe band\u00eb.<\/p>\n<p><strong>Lala:<\/strong>\u00a0Curri po e b\u00ebn k\u00ebt\u00eb teorike, nuk e klasifikova un\u00eb.<\/p>\n<p><strong>Curri:<\/strong>\u00a0Nuk e pranoj ta cil\u00ebsosh eleminim mafioz, cili grup e ka? Nuk e ke. E keni b\u00ebr\u00eb mafie k\u00ebt\u00eb vend.<\/p>\n<p><strong>Lala:<\/strong>\u00a0Ne po merremi teorikisht dhe Curri ka t\u00eb drejt\u00eb. T\u00eb shqet\u00ebson q\u00eb n\u00eb Shkod\u00ebr kan\u00eb ndodhur ngjarje shum\u00eb t\u00eb r\u00ebnda n\u00eb nj\u00eb koh\u00eb kaq t\u00eb shkurt\u00ebr?<\/p>\n<p><strong>Curri:<\/strong>\u00a0S\u2019m\u00eb duket normale, por nuk m\u00eb shqet\u00ebson. Edhe bandat e lagjes lajn\u00eb hesape, por nuk jan\u00eb mafie.<\/p>\n<p>&nbsp;<\/p>\n","protected":false},"excerpt":{"rendered":"<p>Pedagogu Arjan Curri, \u00ebsht\u00eb p\u00ebrfshir\u00eb n\u00eb nj\u00eb debat n\u00eb emision me gazetaren Klodiana Lala, teksa ishin duke folur p\u00ebr ngjarjen e r\u00ebnd\u00eb n\u00eb Shkod\u00ebr, ku dje n\u00eb m\u00ebngjes u gjet i pajet\u00eb n\u00eb zon\u00ebn e Livadheve, 32-vje\u00e7ari Endri Mustafa. Ai ishte keqtrajtuar dhe kishte marr\u00eb nj\u00eb plumb n\u00eb goj\u00eb, dy n\u00eb kok\u00eb dhe tre n\u00eb [&hellip;]<\/p>\n","protected":false},"author":2016,"featured_media":183272,"comment_status":"closed","ping_status":"closed","sticky":false,"template":"","format":"standard","meta":{"footnotes":""},"categories":[241],"tags":[3141],"class_list":{"0":"post-183270","1":"post","2":"type-post","3":"status-publish","4":"format-standard","5":"has-post-thumbnail","7":"category-aktualitet","8":"tag-lajme-zjarr-curri-debat-me-klodiana-lala-zjarr-tv"},"_links":{"self":[{"href":"https:\/\/zjarr.tv\/sq\/wp-json\/wp\/v2\/posts\/183270","targetHints":{"allow":["GET"]}}],"collection":[{"href":"https:\/\/zjarr.tv\/sq\/wp-json\/wp\/v2\/posts"}],"about":[{"href":"https:\/\/zjarr.tv\/sq\/wp-json\/wp\/v2\/types\/post"}],"author":[{"embeddable":true,"href":"https:\/\/zjarr.tv\/sq\/wp-json\/wp\/v2\/users\/2016"}],"replies":[{"embeddable":true,"href":"https:\/\/zjarr.tv\/sq\/wp-json\/wp\/v2\/comments?post=183270"}],"version-history":[{"count":0,"href":"https:\/\/zjarr.tv\/sq\/wp-json\/wp\/v2\/posts\/183270\/revisions"}],"wp:featuredmedia":[{"embeddable":true,"href":"https:\/\/zjarr.tv\/sq\/wp-json\/wp\/v2\/media\/183272"}],"wp:attachment":[{"href":"https:\/\/zjarr.tv\/sq\/wp-json\/wp\/v2\/media?parent=183270"}],"wp:term":[{"taxonomy":"category","embeddable":true,"href":"https:\/\/zjarr.tv\/sq\/wp-json\/wp\/v2\/categories?post=183270"},{"taxonomy":"post_tag","embeddable":true,"href":"https:\/\/zjarr.tv\/sq\/wp-json\/wp\/v2\/tags?post=183270"}],"curies":[{"name":"wp","href":"https:\/\/api.w.org\/{rel}","templated":true}]}}