{"id":183273,"date":"2021-05-19T09:59:06","date_gmt":"2021-05-19T07:59:06","guid":{"rendered":"https:\/\/zjarr.tv\/?p=183273"},"modified":"2021-05-19T09:59:06","modified_gmt":"2021-05-19T07:59:06","slug":"genc-sejko-ironizon-deklaraten-e-ambasadores-yuri-kim-opozita-te-njohi-vjedhjet-e-te-futet-ne-parlament","status":"publish","type":"post","link":"https:\/\/zjarr.tv\/sq\/genc-sejko-ironizon-deklaraten-e-ambasadores-yuri-kim-opozita-te-njohi-vjedhjet-e-te-futet-ne-parlament\/","title":{"rendered":"Genc Sejko ironizon deklarat\u00ebn e Ambasadores Yuri Kim: Opozita t\u00eb njohi Vjedhjet e t\u00eb futet n\u00eb Parlament\u2026"},"content":{"rendered":"<p style=\"background: white; vertical-align: baseline; margin: 0in 0in 15.0pt 0in;\"><span style=\"color: #222222; background: white;\">Ambasadorja Yuri Kim, mbr\u00ebmjen e djeshme, ishte e ftuar n\u00eb emisionin \u201cOpinon\u201d, ku u shpreh se \u00ebsht\u00eb e r\u00ebnd\u00ebsishme p\u00ebr Shqip\u00ebrin\u00eb, q\u00eb t\u00eb gjitha pal\u00ebt politike, t\u00eb njohin rezultatin e Zgjedhjeve Parlamentare t\u00eb 25 Prillit<\/span>.<\/p>\n<p style=\"background: white; vertical-align: baseline; margin: 0in 0in 15.0pt 0in;\">Por, lidhur me k\u00ebt\u00eb deklarat\u00eb, me an\u00eb t\u00eb nj\u00eb postimi n\u00eb Facebook, ka reaguar edhe aktivisti Genc Sejko, ku shkruan se; <span style=\"color: #050505; background: white;\">Kimetja ishte e prer\u00eb mbr\u00ebm\u00eb<\/span>, ku sipas Sejkos i takon q\u00eb t\u00eb Opozita t\u00eb njoh\u00eb Vjedhjet dhe t\u00eb futet n\u00eb Parlament.<\/p>\n<p style=\"background: white; vertical-align: baseline; margin: 0in 0in 15.0pt 0in;\"><span style=\"color: #050505; background: white;\">Genc Sejko: <i>Kimetja ishte e prer\u00eb mbr\u00ebm\u00eb<\/i><\/span>.<i><\/i><\/p>\n<p>Foto<\/p>\n<p><img loading=\"lazy\" decoding=\"async\" class=\"alignnone size-full wp-image-183276\" src=\"https:\/\/zjarr.tv\/wp-content\/uploads\/2021\/05\/kimetja.png\" alt=\"\" width=\"912\" height=\"527\" srcset=\"https:\/\/zjarr.tv\/wp-content\/uploads\/2021\/05\/kimetja.png 912w, https:\/\/zjarr.tv\/wp-content\/uploads\/2021\/05\/kimetja-300x173.png 300w, https:\/\/zjarr.tv\/wp-content\/uploads\/2021\/05\/kimetja-768x444.png 768w, https:\/\/zjarr.tv\/wp-content\/uploads\/2021\/05\/kimetja-696x402.png 696w, https:\/\/zjarr.tv\/wp-content\/uploads\/2021\/05\/kimetja-727x420.png 727w\" sizes=\"auto, (max-width: 912px) 100vw, 912px\" \/><\/p>\n","protected":false},"excerpt":{"rendered":"<p>Ambasadorja Yuri Kim, mbr\u00ebmjen e djeshme, ishte e ftuar n\u00eb emisionin \u201cOpinon\u201d, ku u shpreh se \u00ebsht\u00eb e r\u00ebnd\u00ebsishme p\u00ebr Shqip\u00ebrin\u00eb, q\u00eb t\u00eb gjitha pal\u00ebt politike, t\u00eb njohin rezultatin e Zgjedhjeve Parlamentare t\u00eb 25 Prillit. Por, lidhur me k\u00ebt\u00eb deklarat\u00eb, me an\u00eb t\u00eb nj\u00eb postimi n\u00eb Facebook, ka reaguar edhe aktivisti Genc Sejko, ku shkruan [&hellip;]<\/p>\n","protected":false},"author":2016,"featured_media":183277,"comment_status":"closed","ping_status":"closed","sticky":false,"template":"","format":"standard","meta":{"footnotes":""},"categories":[241],"tags":[3142],"class_list":{"0":"post-183273","1":"post","2":"type-post","3":"status-publish","4":"format-standard","5":"has-post-thumbnail","7":"category-aktualitet","8":"tag-lajme-zjarr-sejko-ironizon-ambasadoren-kim-zjarr-tv"},"_links":{"self":[{"href":"https:\/\/zjarr.tv\/sq\/wp-json\/wp\/v2\/posts\/183273","targetHints":{"allow":["GET"]}}],"collection":[{"href":"https:\/\/zjarr.tv\/sq\/wp-json\/wp\/v2\/posts"}],"about":[{"href":"https:\/\/zjarr.tv\/sq\/wp-json\/wp\/v2\/types\/post"}],"author":[{"embeddable":true,"href":"https:\/\/zjarr.tv\/sq\/wp-json\/wp\/v2\/users\/2016"}],"replies":[{"embeddable":true,"href":"https:\/\/zjarr.tv\/sq\/wp-json\/wp\/v2\/comments?post=183273"}],"version-history":[{"count":0,"href":"https:\/\/zjarr.tv\/sq\/wp-json\/wp\/v2\/posts\/183273\/revisions"}],"wp:featuredmedia":[{"embeddable":true,"href":"https:\/\/zjarr.tv\/sq\/wp-json\/wp\/v2\/media\/183277"}],"wp:attachment":[{"href":"https:\/\/zjarr.tv\/sq\/wp-json\/wp\/v2\/media?parent=183273"}],"wp:term":[{"taxonomy":"category","embeddable":true,"href":"https:\/\/zjarr.tv\/sq\/wp-json\/wp\/v2\/categories?post=183273"},{"taxonomy":"post_tag","embeddable":true,"href":"https:\/\/zjarr.tv\/sq\/wp-json\/wp\/v2\/tags?post=183273"}],"curies":[{"name":"wp","href":"https:\/\/api.w.org\/{rel}","templated":true}]}}