{"id":183352,"date":"2021-05-19T17:47:05","date_gmt":"2021-05-19T15:47:05","guid":{"rendered":"https:\/\/zjarr.tv\/?p=183352"},"modified":"2021-05-19T17:47:05","modified_gmt":"2021-05-19T15:47:05","slug":"detaje-te-reja-nga-sekuestrimi-i-fugonit-me-miliona-brenda-tij-parate-ishin-ndare-sipas-porosive-zbulohet-kush-eshte-shoferi-nga-hasi","status":"publish","type":"post","link":"https:\/\/zjarr.tv\/sq\/detaje-te-reja-nga-sekuestrimi-i-fugonit-me-miliona-brenda-tij-parate-ishin-ndare-sipas-porosive-zbulohet-kush-eshte-shoferi-nga-hasi\/","title":{"rendered":"Detaje t\u00eb reja nga sekuestrimi i fugonit me miliona brenda tij, parat\u00eb ishin ndar\u00eb sipas porosive, zbulohet kush \u00ebsht\u00eb shoferi nga Hasi"},"content":{"rendered":"<p>Policia e Durr\u00ebsit ka zhvilluar nj\u00eb aksion \u201cblic\u201d dit\u00ebn e sotme ku ka kapur nj\u00eb fugon t\u00eb bardh\u00eb me nj\u00eb sasi t\u00eb madhe parash\u00eb brenda tij, n\u00eb pjes\u00ebn e pasme. Fugoni ishte i mbushur me rroba dhe orendi sht\u00ebpiake.<\/p>\n<p>Deri tani thuhet se jan\u00eb 1 milion\u00eb paund, por burime p\u00ebr mediat b\u00ebjn\u00eb me dije se jan\u00eb shum\u00eb para t\u00eb valutave t\u00eb ndryshme. Ato ishin t\u00eb ndara n\u00eb pako n\u00eb baz\u00eb t\u00eb porosis\u00eb q\u00eb ishte b\u00ebr\u00eb.<\/p>\n<p>M\u00ebsohet se parat\u00eb ishin fshehur n\u00eb shasin\u00eb e mjetit, n\u00eb parakolp dhe prapakolp. Policia deri tani ka ndaluar shoferin nd\u00ebrkoh\u00eb q\u00eb vijon num\u00ebrimi i parave. Shoferi i ndaluar O. Sefolli nga Hasi, ka deklaruar se nuk ka dijeni p\u00ebr parat\u00eb te furgoni q\u00eb ngiste, pasi b\u00ebn transport mallrash nga Anglia n\u00eb Shqip\u00ebri.<\/p>\n<p>Furgoni ka ardhur nga porti i Ankon\u00ebs n\u00eb Itali dhe ka mb\u00ebrritur n\u00eb Durr\u00ebs rreth or\u00eb 12:00. Furgoni ishte i ndaluar, pasi ishte me risk dhe duhej t\u00eb kontrollohej n\u00eb \u00e7do kalim n\u00eb portin e Durr\u00ebsit. M\u00ebsohet se furgoni b\u00ebnte transport mallrash mes Shqip\u00ebris\u00eb dhe Anglis\u00eb prej disa koh\u00ebsh.<\/p>\n<p>Forca t\u00eb shumta policie ndodhen n\u00eb Portin e Durr\u00ebsit. T\u00eb pranish\u00ebm n\u00eb kontrollin e furgonit ishin Drejtori i Policis\u00eb s\u00eb Durr\u00ebsit, Lorenc Shehu, n\u00ebndrejtori, shefi i Krimit Ekonomik dhe Drejtori i Dogan\u00ebs s\u00eb Durr\u00ebsit.<\/p>\n","protected":false},"excerpt":{"rendered":"<p>Policia e Durr\u00ebsit ka zhvilluar nj\u00eb aksion \u201cblic\u201d dit\u00ebn e sotme ku ka kapur nj\u00eb fugon t\u00eb bardh\u00eb me nj\u00eb sasi t\u00eb madhe parash\u00eb brenda tij, n\u00eb pjes\u00ebn e pasme. Fugoni ishte i mbushur me rroba dhe orendi sht\u00ebpiake. Deri tani thuhet se jan\u00eb 1 milion\u00eb paund, por burime p\u00ebr mediat b\u00ebjn\u00eb me dije se [&hellip;]<\/p>\n","protected":false},"author":2031,"featured_media":154697,"comment_status":"closed","ping_status":"closed","sticky":false,"template":"","format":"standard","meta":{"footnotes":""},"categories":[231],"tags":[],"class_list":{"0":"post-183352","1":"post","2":"type-post","3":"status-publish","4":"format-standard","5":"has-post-thumbnail","7":"category-lajme"},"_links":{"self":[{"href":"https:\/\/zjarr.tv\/sq\/wp-json\/wp\/v2\/posts\/183352","targetHints":{"allow":["GET"]}}],"collection":[{"href":"https:\/\/zjarr.tv\/sq\/wp-json\/wp\/v2\/posts"}],"about":[{"href":"https:\/\/zjarr.tv\/sq\/wp-json\/wp\/v2\/types\/post"}],"author":[{"embeddable":true,"href":"https:\/\/zjarr.tv\/sq\/wp-json\/wp\/v2\/users\/2031"}],"replies":[{"embeddable":true,"href":"https:\/\/zjarr.tv\/sq\/wp-json\/wp\/v2\/comments?post=183352"}],"version-history":[{"count":0,"href":"https:\/\/zjarr.tv\/sq\/wp-json\/wp\/v2\/posts\/183352\/revisions"}],"wp:featuredmedia":[{"embeddable":true,"href":"https:\/\/zjarr.tv\/sq\/wp-json\/wp\/v2\/media\/154697"}],"wp:attachment":[{"href":"https:\/\/zjarr.tv\/sq\/wp-json\/wp\/v2\/media?parent=183352"}],"wp:term":[{"taxonomy":"category","embeddable":true,"href":"https:\/\/zjarr.tv\/sq\/wp-json\/wp\/v2\/categories?post=183352"},{"taxonomy":"post_tag","embeddable":true,"href":"https:\/\/zjarr.tv\/sq\/wp-json\/wp\/v2\/tags?post=183352"}],"curies":[{"name":"wp","href":"https:\/\/api.w.org\/{rel}","templated":true}]}}