{"id":183356,"date":"2021-05-19T17:55:10","date_gmt":"2021-05-19T15:55:10","guid":{"rendered":"https:\/\/zjarr.tv\/?p=183356"},"modified":"2021-05-19T17:55:10","modified_gmt":"2021-05-19T15:55:10","slug":"tjeter-deshtim-per-opoziten-ne-kas-pas-gjirokastres-bie-edhe-berati-nuk-ka-pavlefshmeri-apo-perseritje-te-zgjedhjeve","status":"publish","type":"post","link":"https:\/\/zjarr.tv\/sq\/tjeter-deshtim-per-opoziten-ne-kas-pas-gjirokastres-bie-edhe-berati-nuk-ka-pavlefshmeri-apo-perseritje-te-zgjedhjeve\/","title":{"rendered":"Tjet\u00ebr d\u00ebshtim p\u00ebr opozit\u00ebn n\u00eb KAS, pas Gjirokastr\u00ebs \u201cbie\u201d edhe Berati: Nuk ka pavlefshm\u00ebri apo p\u00ebrs\u00ebritje t\u00eb zgjedhjeve!"},"content":{"rendered":"<p>Komisioni i Ankesave dhe Sanksioneve n\u00eb KQZ ka rr\u00ebzuar ankimimin e Partis\u00eb Demokratike dhe L\u00ebvizjes Socialiste p\u00ebr Integrim edhe p\u00ebr Qarkun e Beratit.<\/p>\n<p>\u00cbsht\u00eb marr\u00eb vendimi se nuk ka pavlefshm\u00ebri t\u00eb zgjedhjeve dhe rivotim as n\u00eb k\u00ebt\u00eb qark. Kjo \u00ebsht\u00eb nj\u00eb tjet\u00ebr goditje dhe d\u00ebshtim p\u00ebr opozit\u00ebn n\u00eb KAS, pasi sot i njejti vendim u mor edhe p\u00ebr qarkun e Gjirokastr\u00ebs.<\/p>\n<p>Nd\u00ebrkoh\u00eb q\u00eb dit\u00ebn e nes\u00ebrme KAS ka njoftuar se do t\u00eb marr\u00eb vendimi n\u00eb lidhje me k\u00ebrkes\u00ebn tjet\u00ebr, at\u00eb t\u00eb L\u00ebvizjes Socialiste p\u00ebr Integrim, p\u00ebr rinum\u00ebrim t\u00eb votave n\u00eb k\u00ebt\u00eb qark.<\/p>\n","protected":false},"excerpt":{"rendered":"<p>Komisioni i Ankesave dhe Sanksioneve n\u00eb KQZ ka rr\u00ebzuar ankimimin e Partis\u00eb Demokratike dhe L\u00ebvizjes Socialiste p\u00ebr Integrim edhe p\u00ebr Qarkun e Beratit. \u00cbsht\u00eb marr\u00eb vendimi se nuk ka pavlefshm\u00ebri t\u00eb zgjedhjeve dhe rivotim as n\u00eb k\u00ebt\u00eb qark. Kjo \u00ebsht\u00eb nj\u00eb tjet\u00ebr goditje dhe d\u00ebshtim p\u00ebr opozit\u00ebn n\u00eb KAS, pasi sot i njejti vendim u [&hellip;]<\/p>\n","protected":false},"author":2031,"featured_media":183357,"comment_status":"closed","ping_status":"closed","sticky":false,"template":"","format":"standard","meta":{"footnotes":""},"categories":[231],"tags":[3066,312,458],"class_list":{"0":"post-183356","1":"post","2":"type-post","3":"status-publish","4":"format-standard","5":"has-post-thumbnail","7":"category-lajme","8":"tag-kas","9":"tag-lajme","10":"tag-zjarrtv"},"_links":{"self":[{"href":"https:\/\/zjarr.tv\/sq\/wp-json\/wp\/v2\/posts\/183356","targetHints":{"allow":["GET"]}}],"collection":[{"href":"https:\/\/zjarr.tv\/sq\/wp-json\/wp\/v2\/posts"}],"about":[{"href":"https:\/\/zjarr.tv\/sq\/wp-json\/wp\/v2\/types\/post"}],"author":[{"embeddable":true,"href":"https:\/\/zjarr.tv\/sq\/wp-json\/wp\/v2\/users\/2031"}],"replies":[{"embeddable":true,"href":"https:\/\/zjarr.tv\/sq\/wp-json\/wp\/v2\/comments?post=183356"}],"version-history":[{"count":0,"href":"https:\/\/zjarr.tv\/sq\/wp-json\/wp\/v2\/posts\/183356\/revisions"}],"wp:featuredmedia":[{"embeddable":true,"href":"https:\/\/zjarr.tv\/sq\/wp-json\/wp\/v2\/media\/183357"}],"wp:attachment":[{"href":"https:\/\/zjarr.tv\/sq\/wp-json\/wp\/v2\/media?parent=183356"}],"wp:term":[{"taxonomy":"category","embeddable":true,"href":"https:\/\/zjarr.tv\/sq\/wp-json\/wp\/v2\/categories?post=183356"},{"taxonomy":"post_tag","embeddable":true,"href":"https:\/\/zjarr.tv\/sq\/wp-json\/wp\/v2\/tags?post=183356"}],"curies":[{"name":"wp","href":"https:\/\/api.w.org\/{rel}","templated":true}]}}