{"id":183361,"date":"2021-05-19T18:01:22","date_gmt":"2021-05-19T16:01:22","guid":{"rendered":"https:\/\/zjarr.tv\/?p=183361"},"modified":"2021-05-19T18:01:22","modified_gmt":"2021-05-19T16:01:22","slug":"edi-paloka-pa-fjale-pas-non-gratas-se-berishes-nxjerr-foton-e-ish-kryeministrit-me-bushin-rames-i-kujton-takimin-me-vucic","status":"publish","type":"post","link":"https:\/\/zjarr.tv\/sq\/edi-paloka-pa-fjale-pas-non-gratas-se-berishes-nxjerr-foton-e-ish-kryeministrit-me-bushin-rames-i-kujton-takimin-me-vucic\/","title":{"rendered":"Edi Paloka pa fjal\u00eb pas \u201cnon-gratas\u201d s\u00eb Berish\u00ebs, nxjerr foton e ish-kryeministrit me Bushin, Ram\u00ebs i kujton takimin me Vu\u00e7i\u00e7"},"content":{"rendered":"<p>Deputeti i ardhsh\u00ebm i Kuvendit t\u00eb Shqip\u00ebris\u00eb. I dal\u00eb nga zgjedhjet e 25 prillit n\u00eb qarkun e Durr\u00ebsit ka reaguar pas vendimit t\u00eb DASH, p\u00ebr t\u00eb shpallur \u201cnon-grata\u201d ish-kryeministrin Sali Berisha.<\/p>\n<p>Paloka ka zgjedhur t\u00eb hesht\u00eb n\u00eb fjal\u00eb, por t\u00eb reagoj\u00eb me simbole.<\/p>\n<p>Ai poston foton e Berish\u00ebs me ish-presidentin e SHBA, Xhorxh Bush dhe nga ana tjet\u00ebr i kujton Ram\u00ebs takimin dhe \u201cmiq\u00ebsin\u00eb\u201d e tij me presidentin e Serbis\u00eb, Aleksand\u00ebr Vu\u00e7i\u00e7.<\/p>\n<p>T\u00eb dy rastet jan\u00eb \u201ct\u00eb shkuara t\u00eb harruara\u201d, dhe asgj\u00eb nuk e kthen pas vendimin e DASH.<\/p>\n","protected":false},"excerpt":{"rendered":"<p>Deputeti i ardhsh\u00ebm i Kuvendit t\u00eb Shqip\u00ebris\u00eb. I dal\u00eb nga zgjedhjet e 25 prillit n\u00eb qarkun e Durr\u00ebsit ka reaguar pas vendimit t\u00eb DASH, p\u00ebr t\u00eb shpallur \u201cnon-grata\u201d ish-kryeministrin Sali Berisha. Paloka ka zgjedhur t\u00eb hesht\u00eb n\u00eb fjal\u00eb, por t\u00eb reagoj\u00eb me simbole. Ai poston foton e Berish\u00ebs me ish-presidentin e SHBA, Xhorxh Bush dhe [&hellip;]<\/p>\n","protected":false},"author":2031,"featured_media":158716,"comment_status":"closed","ping_status":"closed","sticky":false,"template":"","format":"standard","meta":{"footnotes":""},"categories":[231],"tags":[312,2946,302,329],"class_list":{"0":"post-183361","1":"post","2":"type-post","3":"status-publish","4":"format-standard","5":"has-post-thumbnail","7":"category-lajme","8":"tag-lajme","9":"tag-paloka","10":"tag-rama","11":"tag-zjarr-tv"},"_links":{"self":[{"href":"https:\/\/zjarr.tv\/sq\/wp-json\/wp\/v2\/posts\/183361","targetHints":{"allow":["GET"]}}],"collection":[{"href":"https:\/\/zjarr.tv\/sq\/wp-json\/wp\/v2\/posts"}],"about":[{"href":"https:\/\/zjarr.tv\/sq\/wp-json\/wp\/v2\/types\/post"}],"author":[{"embeddable":true,"href":"https:\/\/zjarr.tv\/sq\/wp-json\/wp\/v2\/users\/2031"}],"replies":[{"embeddable":true,"href":"https:\/\/zjarr.tv\/sq\/wp-json\/wp\/v2\/comments?post=183361"}],"version-history":[{"count":0,"href":"https:\/\/zjarr.tv\/sq\/wp-json\/wp\/v2\/posts\/183361\/revisions"}],"wp:featuredmedia":[{"embeddable":true,"href":"https:\/\/zjarr.tv\/sq\/wp-json\/wp\/v2\/media\/158716"}],"wp:attachment":[{"href":"https:\/\/zjarr.tv\/sq\/wp-json\/wp\/v2\/media?parent=183361"}],"wp:term":[{"taxonomy":"category","embeddable":true,"href":"https:\/\/zjarr.tv\/sq\/wp-json\/wp\/v2\/categories?post=183361"},{"taxonomy":"post_tag","embeddable":true,"href":"https:\/\/zjarr.tv\/sq\/wp-json\/wp\/v2\/tags?post=183361"}],"curies":[{"name":"wp","href":"https:\/\/api.w.org\/{rel}","templated":true}]}}