{"id":183374,"date":"2021-05-19T18:28:17","date_gmt":"2021-05-19T16:28:17","guid":{"rendered":"https:\/\/zjarr.tv\/?p=183374"},"modified":"2021-05-19T18:28:17","modified_gmt":"2021-05-19T16:28:17","slug":"berisha-non-grata-tritan-shehu-ka-dhene-kontribut-per-demokracine-udheheqesi-me-pro-amerikan","status":"publish","type":"post","link":"https:\/\/zjarr.tv\/sq\/berisha-non-grata-tritan-shehu-ka-dhene-kontribut-per-demokracine-udheheqesi-me-pro-amerikan\/","title":{"rendered":"Berisha non-grata, Tritan Shehu: Ka dh\u00ebn\u00eb kontribut p\u00ebr demokracin\u00eb, udh\u00ebheq\u00ebsi m\u00eb pro-amerikan"},"content":{"rendered":"<p>Tritan Shehu ka reaguar pas njoftimit t\u00eb sekretarit amerikan t\u00eb shtetit Anthony Blinken se ish-kryeministri Sali Berisha \u00ebsht\u00eb shpallur non grata.<\/p>\n<p>Duke ndar\u00eb disa foto t\u00eb vjetra n\u00eb krah t\u00eb Berish\u00ebs, Shehu shkruan se gjat\u00eb periudh\u00ebs 30-vje\u00e7are t\u00eb demokracis\u00eb, merita e Berish\u00ebs ka qen\u00eb e do jet\u00eb thelb\u00ebsore.<\/p>\n<p>Shehu shton se vizioni i tij per\u00ebndimor ka qart\u00ebsuar p\u00ebrpjekjet e aspirat\u00ebs Europiane t\u00eb Shqip\u00ebris\u00eb.<\/p>\n<p>\u201cGjate gjithe periudhes 30 vjecare te demokracise ne vendin tone, merita dhe kontributi i mikut tim Sali Berisha, njeriu dhe udheheqesi me pro amerikan dhe pro perendimor qe kam njohur, kane qene e do te jene thelbesore dhe te padiskutueshme.<\/p>\n<p>Ky vizion properendimor i tij na ka qartesuar ne perpjekjet tona per integrim, shoqeri te lire, drejtesi e mireqenie. Dhe do te jete e vlefshme deri ne arritjen e aspirates sone \u201ce duam Shqiperine si gjithe Europa\u201d\u2026.\u201d, shkruan Shehu.<\/p>\n","protected":false},"excerpt":{"rendered":"<p>Tritan Shehu ka reaguar pas njoftimit t\u00eb sekretarit amerikan t\u00eb shtetit Anthony Blinken se ish-kryeministri Sali Berisha \u00ebsht\u00eb shpallur non grata. Duke ndar\u00eb disa foto t\u00eb vjetra n\u00eb krah t\u00eb Berish\u00ebs, Shehu shkruan se gjat\u00eb periudh\u00ebs 30-vje\u00e7are t\u00eb demokracis\u00eb, merita e Berish\u00ebs ka qen\u00eb e do jet\u00eb thelb\u00ebsore. Shehu shton se vizioni i tij per\u00ebndimor [&hellip;]<\/p>\n","protected":false},"author":2031,"featured_media":183375,"comment_status":"closed","ping_status":"closed","sticky":false,"template":"","format":"standard","meta":{"footnotes":""},"categories":[231],"tags":[981,312,2445,329],"class_list":{"0":"post-183374","1":"post","2":"type-post","3":"status-publish","4":"format-standard","5":"has-post-thumbnail","7":"category-lajme","8":"tag-berisha","9":"tag-lajme","10":"tag-tritan-shehu","11":"tag-zjarr-tv"},"_links":{"self":[{"href":"https:\/\/zjarr.tv\/sq\/wp-json\/wp\/v2\/posts\/183374","targetHints":{"allow":["GET"]}}],"collection":[{"href":"https:\/\/zjarr.tv\/sq\/wp-json\/wp\/v2\/posts"}],"about":[{"href":"https:\/\/zjarr.tv\/sq\/wp-json\/wp\/v2\/types\/post"}],"author":[{"embeddable":true,"href":"https:\/\/zjarr.tv\/sq\/wp-json\/wp\/v2\/users\/2031"}],"replies":[{"embeddable":true,"href":"https:\/\/zjarr.tv\/sq\/wp-json\/wp\/v2\/comments?post=183374"}],"version-history":[{"count":0,"href":"https:\/\/zjarr.tv\/sq\/wp-json\/wp\/v2\/posts\/183374\/revisions"}],"wp:featuredmedia":[{"embeddable":true,"href":"https:\/\/zjarr.tv\/sq\/wp-json\/wp\/v2\/media\/183375"}],"wp:attachment":[{"href":"https:\/\/zjarr.tv\/sq\/wp-json\/wp\/v2\/media?parent=183374"}],"wp:term":[{"taxonomy":"category","embeddable":true,"href":"https:\/\/zjarr.tv\/sq\/wp-json\/wp\/v2\/categories?post=183374"},{"taxonomy":"post_tag","embeddable":true,"href":"https:\/\/zjarr.tv\/sq\/wp-json\/wp\/v2\/tags?post=183374"}],"curies":[{"name":"wp","href":"https:\/\/api.w.org\/{rel}","templated":true}]}}