{"id":183384,"date":"2021-05-19T18:48:45","date_gmt":"2021-05-19T16:48:45","guid":{"rendered":"https:\/\/zjarr.tv\/?p=183384"},"modified":"2021-05-19T18:48:45","modified_gmt":"2021-05-19T16:48:45","slug":"takimi-me-kurtin-vucic-do-shkoj-vetem-nese-skam-ndonje-pune-tjeter","status":"publish","type":"post","link":"https:\/\/zjarr.tv\/sq\/takimi-me-kurtin-vucic-do-shkoj-vetem-nese-skam-ndonje-pune-tjeter\/","title":{"rendered":"Takimi me Kurtin, Vu\u00e7i\u00e7: Do shkoj vet\u00ebm n\u00ebse s\u2019kam ndonj\u00eb pun\u00eb tjet\u00ebr"},"content":{"rendered":"<p>P\u00ebrfaq\u00ebsuesi i Lart\u00eb i Bashkimit Evropian p\u00ebr politik\u00eb t\u00eb Jashtme, Josep Borell, n\u00eb nj\u00eb prononcim p\u00ebr media kishte dh\u00ebn\u00eb si opsion p\u00ebr nj\u00eb takim t\u00eb mundsh\u00ebm mes kryeministrit t\u00eb Kosov\u00ebs, Albin Kurti dhe presidentit t\u00eb Serbis\u00eb, Aleksander Vu\u00e7i\u00e7 m\u00eb 11 maj, por nj\u00eb gj\u00eb e till\u00eb nuk u realizua.<\/p>\n<p>Ndon\u00ebse takimi nuk u zhvillua, kryeministri Kurti tha se nuk shkon n\u00eb takime p\u00ebr t\u00eb cilat nuk \u00ebsht\u00eb marr\u00eb edhe p\u00eblqimi i tij paraprakisht.<\/p>\n<p>E p\u00ebr t\u2019ju p\u00ebrgjigjur k\u00ebsaj deklarate, presidenti i Serbis\u00eb, Aleksander Vu\u00e7i\u00e7, ia ka kthyer n\u00eb t\u00eb nj\u00ebjt\u00ebn monedh\u00eb Kurtit, duke th\u00ebn\u00eb se mund t\u00eb shkoj\u00eb p\u00ebr takim n\u00eb mes t\u00eb qershorit vet\u00ebm n\u00ebse nuk ka ndonj\u00eb detyrim tjet\u00ebr dhe n\u00ebse \u00ebsht\u00eb i lir\u00eb.<\/p>\n<p>\u201cN\u00ebse ajo dit\u00eb \u00ebsht\u00eb e lir\u00eb p\u00ebr mua, do t\u00eb shkoj, n\u00ebse jo, do t\u2019iu them q\u00eb ta shtyjn\u00eb takimin p\u00ebr nj\u00eb dit\u00eb tjet\u00ebr\u201d, ka th\u00ebn\u00eb Vu\u00e7i\u00e7 nga Praga.<\/p>\n<p>Kreu i shtetit serb ka th\u00ebn\u00eb se \u00ebsht\u00eb gjithmon\u00eb i gatsh\u00ebm p\u00ebr dialog, meq\u00eb kjo sipas tij \u00ebsht\u00eb n\u00eb t\u00eb mir\u00eb t\u00eb dy popujve.<\/p>\n","protected":false},"excerpt":{"rendered":"<p>P\u00ebrfaq\u00ebsuesi i Lart\u00eb i Bashkimit Evropian p\u00ebr politik\u00eb t\u00eb Jashtme, Josep Borell, n\u00eb nj\u00eb prononcim p\u00ebr media kishte dh\u00ebn\u00eb si opsion p\u00ebr nj\u00eb takim t\u00eb mundsh\u00ebm mes kryeministrit t\u00eb Kosov\u00ebs, Albin Kurti dhe presidentit t\u00eb Serbis\u00eb, Aleksander Vu\u00e7i\u00e7 m\u00eb 11 maj, por nj\u00eb gj\u00eb e till\u00eb nuk u realizua. Ndon\u00ebse takimi nuk u zhvillua, kryeministri [&hellip;]<\/p>\n","protected":false},"author":2031,"featured_media":178367,"comment_status":"closed","ping_status":"closed","sticky":false,"template":"","format":"standard","meta":{"footnotes":""},"categories":[231],"tags":[2231,312,2730,329],"class_list":{"0":"post-183384","1":"post","2":"type-post","3":"status-publish","4":"format-standard","5":"has-post-thumbnail","7":"category-lajme","8":"tag-kurti","9":"tag-lajme","10":"tag-vucic","11":"tag-zjarr-tv"},"_links":{"self":[{"href":"https:\/\/zjarr.tv\/sq\/wp-json\/wp\/v2\/posts\/183384","targetHints":{"allow":["GET"]}}],"collection":[{"href":"https:\/\/zjarr.tv\/sq\/wp-json\/wp\/v2\/posts"}],"about":[{"href":"https:\/\/zjarr.tv\/sq\/wp-json\/wp\/v2\/types\/post"}],"author":[{"embeddable":true,"href":"https:\/\/zjarr.tv\/sq\/wp-json\/wp\/v2\/users\/2031"}],"replies":[{"embeddable":true,"href":"https:\/\/zjarr.tv\/sq\/wp-json\/wp\/v2\/comments?post=183384"}],"version-history":[{"count":0,"href":"https:\/\/zjarr.tv\/sq\/wp-json\/wp\/v2\/posts\/183384\/revisions"}],"wp:featuredmedia":[{"embeddable":true,"href":"https:\/\/zjarr.tv\/sq\/wp-json\/wp\/v2\/media\/178367"}],"wp:attachment":[{"href":"https:\/\/zjarr.tv\/sq\/wp-json\/wp\/v2\/media?parent=183384"}],"wp:term":[{"taxonomy":"category","embeddable":true,"href":"https:\/\/zjarr.tv\/sq\/wp-json\/wp\/v2\/categories?post=183384"},{"taxonomy":"post_tag","embeddable":true,"href":"https:\/\/zjarr.tv\/sq\/wp-json\/wp\/v2\/tags?post=183384"}],"curies":[{"name":"wp","href":"https:\/\/api.w.org\/{rel}","templated":true}]}}