{"id":183392,"date":"2021-05-19T19:06:12","date_gmt":"2021-05-19T17:06:12","guid":{"rendered":"https:\/\/zjarr.tv\/?p=183392"},"modified":"2021-05-19T19:08:13","modified_gmt":"2021-05-19T17:08:13","slug":"mediat-nderkombetare-jehone-vendimit-te-dash-ish-kryeministri-sali-berisha-ne-listen-e-zeze-te-shba","status":"publish","type":"post","link":"https:\/\/zjarr.tv\/sq\/mediat-nderkombetare-jehone-vendimit-te-dash-ish-kryeministri-sali-berisha-ne-listen-e-zeze-te-shba\/","title":{"rendered":"Mediat nd\u00ebrkomb\u00ebtare jehon\u00eb vendimit t\u00eb DASH: Ish-kryeministri Sali Berisha n\u00eb list\u00ebn e zez\u00eb t\u00eb SHBA"},"content":{"rendered":"<p>Lajmi i p\u00ebrfshirjes s\u00eb Sali Berish\u00ebs dhe familjes s\u00eb tij n\u00eb list\u00ebn e zez\u00eb t\u00eb DASH, ka b\u00ebr\u00eb jehon\u00eb n\u00eb mediat nd\u00ebrkomb\u00ebtare.<\/p>\n<p>Media t\u00eb shumta n\u00eb rajon, deri te ato spanjolle, franceze dhe amerikane kan\u00eb pasqyruar vendimin e Departamentit Amerikan t\u00eb Shtetit, p\u00ebr ta shpallur Berish\u00ebn \u201cnon-grata\u201d.<\/p>\n<p>\u201cSHBA sanksionon ish-kryeministrin shqiptar Sali Berisha p\u00ebr korrupsion\u201d, \u00ebsht\u00eb titulli i \u201cEuropena \u00cbestern Balkans\u201d. \u201cIsh-kryeministrit shqiptar Sali Berisha i ndalohet hyrja n\u00eb SHBA\u201d, shkruan gazeta e njohur amerikane \u201cNewsweek\u201d.<\/p>\n<p>DASH i ndaloi hyrjen Berish\u00ebs, bashk\u00ebshortes s\u00eb tij Liris\u00eb dhe dy f\u00ebmij\u00ebve Argita dhe Shk\u00eblzenit, pas fakteve p\u00ebr p\u00ebrfshirje n\u00eb korrupsion dometh\u00ebn\u00ebs.<\/p>\n<p><img loading=\"lazy\" decoding=\"async\" class=\"alignnone size-medium wp-image-183395\" src=\"https:\/\/zjarr.tv\/wp-content\/uploads\/2021\/05\/2223-204x300.png\" alt=\"\" width=\"204\" height=\"300\" srcset=\"https:\/\/zjarr.tv\/wp-content\/uploads\/2021\/05\/2223-204x300.png 204w, https:\/\/zjarr.tv\/wp-content\/uploads\/2021\/05\/2223-285x420.png 285w, https:\/\/zjarr.tv\/wp-content\/uploads\/2021\/05\/2223.png 545w\" sizes=\"auto, (max-width: 204px) 100vw, 204px\" \/><\/p>\n","protected":false},"excerpt":{"rendered":"<p>Lajmi i p\u00ebrfshirjes s\u00eb Sali Berish\u00ebs dhe familjes s\u00eb tij n\u00eb list\u00ebn e zez\u00eb t\u00eb DASH, ka b\u00ebr\u00eb jehon\u00eb n\u00eb mediat nd\u00ebrkomb\u00ebtare. Media t\u00eb shumta n\u00eb rajon, deri te ato spanjolle, franceze dhe amerikane kan\u00eb pasqyruar vendimin e Departamentit Amerikan t\u00eb Shtetit, p\u00ebr ta shpallur Berish\u00ebn \u201cnon-grata\u201d. \u201cSHBA sanksionon ish-kryeministrin shqiptar Sali Berisha p\u00ebr korrupsion\u201d, [&hellip;]<\/p>\n","protected":false},"author":2031,"featured_media":169002,"comment_status":"closed","ping_status":"closed","sticky":false,"template":"","format":"standard","meta":{"footnotes":""},"categories":[231],"tags":[312,3160,329],"class_list":{"0":"post-183392","1":"post","2":"type-post","3":"status-publish","4":"format-standard","5":"has-post-thumbnail","7":"category-lajme","8":"tag-lajme","9":"tag-mediat-nderkombetare","10":"tag-zjarr-tv"},"_links":{"self":[{"href":"https:\/\/zjarr.tv\/sq\/wp-json\/wp\/v2\/posts\/183392","targetHints":{"allow":["GET"]}}],"collection":[{"href":"https:\/\/zjarr.tv\/sq\/wp-json\/wp\/v2\/posts"}],"about":[{"href":"https:\/\/zjarr.tv\/sq\/wp-json\/wp\/v2\/types\/post"}],"author":[{"embeddable":true,"href":"https:\/\/zjarr.tv\/sq\/wp-json\/wp\/v2\/users\/2031"}],"replies":[{"embeddable":true,"href":"https:\/\/zjarr.tv\/sq\/wp-json\/wp\/v2\/comments?post=183392"}],"version-history":[{"count":0,"href":"https:\/\/zjarr.tv\/sq\/wp-json\/wp\/v2\/posts\/183392\/revisions"}],"wp:featuredmedia":[{"embeddable":true,"href":"https:\/\/zjarr.tv\/sq\/wp-json\/wp\/v2\/media\/169002"}],"wp:attachment":[{"href":"https:\/\/zjarr.tv\/sq\/wp-json\/wp\/v2\/media?parent=183392"}],"wp:term":[{"taxonomy":"category","embeddable":true,"href":"https:\/\/zjarr.tv\/sq\/wp-json\/wp\/v2\/categories?post=183392"},{"taxonomy":"post_tag","embeddable":true,"href":"https:\/\/zjarr.tv\/sq\/wp-json\/wp\/v2\/tags?post=183392"}],"curies":[{"name":"wp","href":"https:\/\/api.w.org\/{rel}","templated":true}]}}