{"id":183402,"date":"2021-05-19T19:32:58","date_gmt":"2021-05-19T17:32:58","guid":{"rendered":"https:\/\/zjarr.tv\/?p=183402"},"modified":"2021-05-19T19:32:58","modified_gmt":"2021-05-19T17:32:58","slug":"klevis-balliu-nuk-shpallet-non-grata-historia-berisha-roja-i-ceshtjes-kombetare-dhe-denoncuesi-i-krimit","status":"publish","type":"post","link":"https:\/\/zjarr.tv\/sq\/klevis-balliu-nuk-shpallet-non-grata-historia-berisha-roja-i-ceshtjes-kombetare-dhe-denoncuesi-i-krimit\/","title":{"rendered":"Klevis Balliu: Nuk shpallet non grata historia, Berisha roja i \u00e7\u00ebshtjes komb\u00ebtare dhe denoncuesi i krimit"},"content":{"rendered":"<p>Ish-deputeti demokrat Klevis Balliu ka reaguar pas shpalljes non grata n\u00eb SHBA t\u00eb Sali Berish\u00ebs. Balliu thot\u00eb se Berisha \u00ebsht\u00eb historia e luft\u00ebs kund\u00ebr komunizmit nd\u00ebrsa e cil\u00ebson at\u00eb si vler\u00ebsuesin m\u00eb t\u00eb lart\u00eb t\u00eb demokracis\u00eb amerikane.<\/p>\n<p>\u201cNuk shpallet non grata historia. Sali Berisha \u00ebsht\u00eb historia e luft\u00ebs kund\u00ebr komunizmit; E sjelljes s\u00eb demokracis\u00eb E antar\u00ebsimit t\u00eb vendit n\u00eb NATO.\u00a0 E liberalizimit t\u00eb vizave dhe e orintimit Euroatlantik t\u00eb politik\u00ebs shqiptare.<\/p>\n<p>Ai \u00ebsht\u00eb mbrojt\u00ebsi i Kosov\u00ebs dhe vler\u00ebsuesi m\u00eb i lart\u00eb i Demokracis\u00eb Amerikane. Sali Berisha \u00ebsht\u00eb roja i \u00e7\u00ebshtjes komb\u00ebtare dhe denoncuesi i krimit t\u00eb organizuar dhe korrupsionit n\u00eb nivelet m\u00eb t\u00eb larta t\u00eb qeveritar\u00ebve t\u00eb sot\u00ebm.<\/p>\n<p>Lobingu Sorosis nuk ja arrin dhe kurr\u00eb nuk do tja arrij\u00eb t\u00eb bind\u00eb njeri n\u00eb Shqip\u00ebri p\u00ebr t\u00eb kund\u00ebrt\u00ebn\u201d, shkruan Balliu.<\/p>\n","protected":false},"excerpt":{"rendered":"<p>Ish-deputeti demokrat Klevis Balliu ka reaguar pas shpalljes non grata n\u00eb SHBA t\u00eb Sali Berish\u00ebs. Balliu thot\u00eb se Berisha \u00ebsht\u00eb historia e luft\u00ebs kund\u00ebr komunizmit nd\u00ebrsa e cil\u00ebson at\u00eb si vler\u00ebsuesin m\u00eb t\u00eb lart\u00eb t\u00eb demokracis\u00eb amerikane. \u201cNuk shpallet non grata historia. Sali Berisha \u00ebsht\u00eb historia e luft\u00ebs kund\u00ebr komunizmit; E sjelljes s\u00eb demokracis\u00eb E [&hellip;]<\/p>\n","protected":false},"author":2031,"featured_media":181111,"comment_status":"closed","ping_status":"closed","sticky":false,"template":"","format":"standard","meta":{"footnotes":""},"categories":[231],"tags":[2756,312,329],"class_list":{"0":"post-183402","1":"post","2":"type-post","3":"status-publish","4":"format-standard","5":"has-post-thumbnail","7":"category-lajme","8":"tag-klevis-balliu","9":"tag-lajme","10":"tag-zjarr-tv"},"_links":{"self":[{"href":"https:\/\/zjarr.tv\/sq\/wp-json\/wp\/v2\/posts\/183402","targetHints":{"allow":["GET"]}}],"collection":[{"href":"https:\/\/zjarr.tv\/sq\/wp-json\/wp\/v2\/posts"}],"about":[{"href":"https:\/\/zjarr.tv\/sq\/wp-json\/wp\/v2\/types\/post"}],"author":[{"embeddable":true,"href":"https:\/\/zjarr.tv\/sq\/wp-json\/wp\/v2\/users\/2031"}],"replies":[{"embeddable":true,"href":"https:\/\/zjarr.tv\/sq\/wp-json\/wp\/v2\/comments?post=183402"}],"version-history":[{"count":0,"href":"https:\/\/zjarr.tv\/sq\/wp-json\/wp\/v2\/posts\/183402\/revisions"}],"wp:featuredmedia":[{"embeddable":true,"href":"https:\/\/zjarr.tv\/sq\/wp-json\/wp\/v2\/media\/181111"}],"wp:attachment":[{"href":"https:\/\/zjarr.tv\/sq\/wp-json\/wp\/v2\/media?parent=183402"}],"wp:term":[{"taxonomy":"category","embeddable":true,"href":"https:\/\/zjarr.tv\/sq\/wp-json\/wp\/v2\/categories?post=183402"},{"taxonomy":"post_tag","embeddable":true,"href":"https:\/\/zjarr.tv\/sq\/wp-json\/wp\/v2\/tags?post=183402"}],"curies":[{"name":"wp","href":"https:\/\/api.w.org\/{rel}","templated":true}]}}