{"id":183420,"date":"2021-05-19T20:17:29","date_gmt":"2021-05-19T18:17:29","guid":{"rendered":"https:\/\/zjarr.tv\/?p=183420"},"modified":"2021-05-19T20:17:29","modified_gmt":"2021-05-19T18:17:29","slug":"nga-rexhep-shahu-une-e-dua-ameriken-por-i-besoj-sali-berishes","status":"publish","type":"post","link":"https:\/\/zjarr.tv\/sq\/nga-rexhep-shahu-une-e-dua-ameriken-por-i-besoj-sali-berishes\/","title":{"rendered":"Nga Rexhep Shahu\/Un\u00eb e dua Amerik\u00ebn, por i besoj Sali Berish\u00ebs"},"content":{"rendered":"<p>Nga Rexhep Shahu<\/p>\n<p>8 vite pasi e ka lene pushtetin, gjithe pushtetet vec pushtetin e dijes dhe te imponimit me dije, Sali Berishes qe e ka patur fatin dhe e ka nenshkruar historine e kombit shqiptar si asnje tjeter, nuk i hyn ne pune lejimi me hy ne Amerike apo me shkue ne hene.<\/p>\n<p>Sali Berisha tashme eshte histori qe nuk shembet, nuk fshihet, nuk zhbehet nga askush dhe asgje.<\/p>\n<p>Mund ta heqin Shqiperine nga NATO ku e futi Berisha, mund te izolohet Shqiperia te behet diktature, mund te hyje Shqiperia ne Traktatin e Varshaves, por Udha e Kombit shqiptar qe e ndertoi Sali Berisha me taksat e gjithe shqiptareve, udha e fuqise se shqiptareve, udha e bashkimit kombetar nga kalon e ardhmja e shqiptareve nuk mund te zhbehet, te fshihet, te zhduket. Sa te jetoje ajo arterie e kombit do te jetoje Sali Berisha me ose pa leje per te hyre ne Amerike apo per te shkuar ne hene.<\/p>\n<p>Shqiperia e re e demokracise, e ka e do ta kete ne krye te vendit Sali Berishen me te mirat e te keqiat e veta si nje politikan qe edhe kur rrezohet ngrihet duke luftuar.<\/p>\n<p>Ndjehem mire kur lexoj ne letren e Sali Berishes qe fton Sekretarin e shtetit amerikan duke i shkruar &#8220;ju ftoj te beni publike \u00e7do fakt e dokument qe administrata e juaj, apo kushdo ne bote, mund te disponoje per te argumentuar pretendimin tuaj per mua dhe familjaret e mi.&#8221;<\/p>\n<p>Ne supet e historise Sali Berisha jane ca grada, tituj e ndere kombi qe as ne varr nuk i zhbehen dhe nuk ia zhben dot askush me asnje lloj vendimi.<\/p>\n<p>Une qe jetoj ne kete Shqiperine kopesht shkembor i droges buze Adriatikut, jam luga qe e di me mire se cfare ka brenda vorba jone.<\/p>\n<p>(Berisha duke shtype celesin e shperthimit te eksplozivit per nisjen e punes ne tunelin e Kalimashit ne malin e Rrunes. Kush me njeh ma sheh pak fytyren pas Berishes. Me arka floriri do ta paguanin te tjeret kete foto).<\/p>\n","protected":false},"excerpt":{"rendered":"<p>Nga Rexhep Shahu 8 vite pasi e ka lene pushtetin, gjithe pushtetet vec pushtetin e dijes dhe te imponimit me dije, Sali Berishes qe e ka patur fatin dhe e ka nenshkruar historine e kombit shqiptar si asnje tjeter, nuk i hyn ne pune lejimi me hy ne Amerike apo me shkue ne hene. Sali [&hellip;]<\/p>\n","protected":false},"author":2031,"featured_media":183421,"comment_status":"closed","ping_status":"closed","sticky":false,"template":"","format":"standard","meta":{"footnotes":""},"categories":[364],"tags":[981,312,3162,329],"class_list":{"0":"post-183420","1":"post","2":"type-post","3":"status-publish","4":"format-standard","5":"has-post-thumbnail","7":"category-koment-opinion","8":"tag-berisha","9":"tag-lajme","10":"tag-rexhep-shahu","11":"tag-zjarr-tv"},"_links":{"self":[{"href":"https:\/\/zjarr.tv\/sq\/wp-json\/wp\/v2\/posts\/183420","targetHints":{"allow":["GET"]}}],"collection":[{"href":"https:\/\/zjarr.tv\/sq\/wp-json\/wp\/v2\/posts"}],"about":[{"href":"https:\/\/zjarr.tv\/sq\/wp-json\/wp\/v2\/types\/post"}],"author":[{"embeddable":true,"href":"https:\/\/zjarr.tv\/sq\/wp-json\/wp\/v2\/users\/2031"}],"replies":[{"embeddable":true,"href":"https:\/\/zjarr.tv\/sq\/wp-json\/wp\/v2\/comments?post=183420"}],"version-history":[{"count":0,"href":"https:\/\/zjarr.tv\/sq\/wp-json\/wp\/v2\/posts\/183420\/revisions"}],"wp:featuredmedia":[{"embeddable":true,"href":"https:\/\/zjarr.tv\/sq\/wp-json\/wp\/v2\/media\/183421"}],"wp:attachment":[{"href":"https:\/\/zjarr.tv\/sq\/wp-json\/wp\/v2\/media?parent=183420"}],"wp:term":[{"taxonomy":"category","embeddable":true,"href":"https:\/\/zjarr.tv\/sq\/wp-json\/wp\/v2\/categories?post=183420"},{"taxonomy":"post_tag","embeddable":true,"href":"https:\/\/zjarr.tv\/sq\/wp-json\/wp\/v2\/tags?post=183420"}],"curies":[{"name":"wp","href":"https:\/\/api.w.org\/{rel}","templated":true}]}}