{"id":183430,"date":"2021-05-19T20:33:31","date_gmt":"2021-05-19T18:33:31","guid":{"rendered":"https:\/\/zjarr.tv\/?p=183430"},"modified":"2021-05-19T20:33:31","modified_gmt":"2021-05-19T18:33:31","slug":"pas-dash-ngjela-hedh-bombenberisha-se-di-se-cfare-e-pret-do-kete-edhe-te-tjere-non-grata","status":"publish","type":"post","link":"https:\/\/zjarr.tv\/sq\/pas-dash-ngjela-hedh-bombenberisha-se-di-se-cfare-e-pret-do-kete-edhe-te-tjere-non-grata\/","title":{"rendered":"Pas DASH ,Ngjela &#8220;hedh bomb\u00ebn&#8221;:Berisha s\u2019e di se \u00e7far\u00eb e pret! Do ket\u00eb edhe t\u00eb tjer\u00eb non-grata"},"content":{"rendered":"<p>Avokati i njohur Spartak Ngjela komenton vendimin e SHBA p\u00ebr t\u00eb shpallur non grata ish-kryeministrin Sali Berisha.<\/p>\n<p>Ngjela thot\u00eb se ky \u00ebsht\u00eb proces, dhe shpallja e Berish\u00ebs non-grata \u00ebsht\u00eb vet\u00ebm fillimi. \u201cKjo \u00ebsht\u00eb goditja e par\u00eb n\u00eb 100 vjet ndaj korrupsionit shtet\u00ebror\u201d, tha Ngjela, \u201cdhe shpresojm\u00eb t\u00eb vazhdoj\u00eb\u201d.<\/p>\n<p>Ngjela komentoi p\u00ebrgjigjen e Berish\u00ebs ndaj vendimit, duke th\u00ebn\u00eb se DASH nuk e ka p\u00ebr detyr\u00eb t\u00eb tregoj\u00eb provat q\u00eb ka p\u00ebr korrupsion ndaj Berish\u00ebs.<\/p>\n<p>\u201cSali Berisha nuk di t\u00eb mbrohet. P\u00ebr politik\u00ebn shqiptare \u00ebsht\u00eb nj\u00eb hap i madh drejt suksesit p\u00ebr t\u00eb shp\u00ebtuar nj\u00ebher\u00eb e mir\u00eb nga uzurpimi. Kjo \u00ebsht\u00eb goditja e par\u00eb pas 100 vjet\u00ebsh ndaj krimit shtet\u00ebror. Mendojm\u00eb se do shkoj\u00eb deri n\u00eb fund. Po ta shikosh tekstin e asaj q\u00eb i kan\u00eb qepur Berish\u00ebs, kupton q\u00eb \u00ebsht\u00eb proces, do ket\u00eb t\u00eb tjer\u00eb.<\/p>\n<p>\u00c7\u00ebshtja \u00ebsht\u00eb q\u00eb Saliu ende nuk po e kupton \u00e7far\u00eb po i vjen p\u00ebrball\u00eb. \u00c7\u2019pun\u00eb ka politika amerikane t\u2019i jap\u00eb provat. Provat jepen n\u00eb gjykat\u00eb, t\u00eb shkoj\u00eb t\u00eb k\u00ebrkoj\u00eb pafaj\u00ebsin\u00eb. \u00cbsht\u00eb akuzuar nga superfuqia e bot\u00ebs q\u00eb nuk e l\u00eb t\u00eb hyj\u00eb brenda. Pse? P\u00ebr korrupsion\u201d, deklaroi Ngjela.<\/p>\n","protected":false},"excerpt":{"rendered":"<p>Avokati i njohur Spartak Ngjela komenton vendimin e SHBA p\u00ebr t\u00eb shpallur non grata ish-kryeministrin Sali Berisha. Ngjela thot\u00eb se ky \u00ebsht\u00eb proces, dhe shpallja e Berish\u00ebs non-grata \u00ebsht\u00eb vet\u00ebm fillimi. \u201cKjo \u00ebsht\u00eb goditja e par\u00eb n\u00eb 100 vjet ndaj korrupsionit shtet\u00ebror\u201d, tha Ngjela, \u201cdhe shpresojm\u00eb t\u00eb vazhdoj\u00eb\u201d. Ngjela komentoi p\u00ebrgjigjen e Berish\u00ebs ndaj vendimit, [&hellip;]<\/p>\n","protected":false},"author":2031,"featured_media":161226,"comment_status":"closed","ping_status":"closed","sticky":false,"template":"","format":"standard","meta":{"footnotes":""},"categories":[231],"tags":[312,2307,329],"class_list":{"0":"post-183430","1":"post","2":"type-post","3":"status-publish","4":"format-standard","5":"has-post-thumbnail","7":"category-lajme","8":"tag-lajme","9":"tag-ngjela","10":"tag-zjarr-tv"},"_links":{"self":[{"href":"https:\/\/zjarr.tv\/sq\/wp-json\/wp\/v2\/posts\/183430","targetHints":{"allow":["GET"]}}],"collection":[{"href":"https:\/\/zjarr.tv\/sq\/wp-json\/wp\/v2\/posts"}],"about":[{"href":"https:\/\/zjarr.tv\/sq\/wp-json\/wp\/v2\/types\/post"}],"author":[{"embeddable":true,"href":"https:\/\/zjarr.tv\/sq\/wp-json\/wp\/v2\/users\/2031"}],"replies":[{"embeddable":true,"href":"https:\/\/zjarr.tv\/sq\/wp-json\/wp\/v2\/comments?post=183430"}],"version-history":[{"count":0,"href":"https:\/\/zjarr.tv\/sq\/wp-json\/wp\/v2\/posts\/183430\/revisions"}],"wp:featuredmedia":[{"embeddable":true,"href":"https:\/\/zjarr.tv\/sq\/wp-json\/wp\/v2\/media\/161226"}],"wp:attachment":[{"href":"https:\/\/zjarr.tv\/sq\/wp-json\/wp\/v2\/media?parent=183430"}],"wp:term":[{"taxonomy":"category","embeddable":true,"href":"https:\/\/zjarr.tv\/sq\/wp-json\/wp\/v2\/categories?post=183430"},{"taxonomy":"post_tag","embeddable":true,"href":"https:\/\/zjarr.tv\/sq\/wp-json\/wp\/v2\/tags?post=183430"}],"curies":[{"name":"wp","href":"https:\/\/api.w.org\/{rel}","templated":true}]}}