{"id":183437,"date":"2021-05-20T07:13:34","date_gmt":"2021-05-20T05:13:34","guid":{"rendered":"https:\/\/zjarr.tv\/?p=183437"},"modified":"2021-05-20T07:13:34","modified_gmt":"2021-05-20T05:13:34","slug":"cim-peka-sorosi-beri-fondacion-me-emrin-e-mamase-se-blinkennuk-eshte-kiamet-te-mos-udhetosh-ne-shba","status":"publish","type":"post","link":"https:\/\/zjarr.tv\/sq\/cim-peka-sorosi-beri-fondacion-me-emrin-e-mamase-se-blinkennuk-eshte-kiamet-te-mos-udhetosh-ne-shba\/","title":{"rendered":"\u00c7im Peka: Sorosi b\u00ebri fondacion me emrin e mamas\u00eb s\u00eb Blinken\u2026Nuk \u00ebsht\u00eb kiamet t\u00eb mos udh\u00ebtosh n\u00eb SHBA\u2026"},"content":{"rendered":"<p>\u00c7im Peka, ka analizuar arsyet q\u00eb soll\u00ebn n\u00eb shpalljen non-grata t\u00eb Sali Berish\u00ebs, nga SHBA dhe p\u00ebrcaktimin e tij si \u201ci korruptuar\u201d.<\/p>\n<p>N\u00eb televizionin Syri, nd\u00ebrkoh\u00eb q\u00eb replikonte ashp\u00ebr me Mentor Nazarkon, Peka deklaroi se nuk \u00ebsht\u00eb ndonj\u00eb problem i madh \u201ct\u00eb mos udh\u00ebtosh n\u00eb Amerik\u00eb\u201d dhe se \u201cBerisha nuk ka nevoj\u00eb t\u00eb mbrohet nga askush, sepse ai njeri mbrohet vet\u00eb\u201d.<\/p>\n<p>Por, kulmi i deklaratave t\u00eb Pek\u00ebs, ishte \u201czbulimi\u201d, lidhur me Sorosin dhe maman\u00eb e Sekretarit t\u00eb Shtetit, Antony Blinken. Sipas \u00c7im Pek\u00ebs, George Soros, \u201cka themeluar n\u00eb Hungari nj\u00eb fondacion me emrin e n\u00ebn\u00ebs s\u00eb Antony Blinken\u201d. Pra, pak a shum\u00eb gazetari po aludon se edhe Sekretari i Shtetit \u00ebsht\u00eb n\u00ebn ndikimin e George Soros, q\u00eb e ka shum\u00eb inat Sali Berish\u00ebn dhe kjo p\u00ebr rrjedhoj\u00eb ndikoi n\u00eb shpalljen non grata t\u00eb tij\u2026<\/p>\n<p>Peka gjithashtu, tha se shpallja e Berish\u00ebs non-grata lidhet me d\u00ebshir\u00ebn edhe t\u00eb amerikan\u00ebve, p\u00ebr krijimin e nj\u00eb qeveria t\u00eb p\u00ebrbashk\u00ebt PS-PD, p\u00ebr t\u00eb cil\u00ebn Berisha nuk \u00ebsht\u00eb dakord.<\/p>\n<p><strong>\u00c7im Peka:<\/strong>\u00a0<em>Ajo q\u00eb nuk duhet t\u00eb ngat\u00ebrrojm\u00eb, Berisha nuk ka nevoj\u00eb p\u00ebr mbrojtje, se ai njeri mbrohet vet\u00eb. Pyetja q\u00eb duhet t\u00eb shtrojm\u00eb \u00ebsht\u00eb, n\u00ebse PD mendon se ka nevoj\u00eb p\u00ebr Berish\u00ebn dhe nuk shk\u00ebputet prej tij, apo mendon se nuk ka nevoj\u00eb dhe Berisha i jep kosto. Sali Berisha nuk ka nevoj\u00eb t\u00eb mbrohet, sepse nuk ka p\u00ebr \u00e7far\u00eb t\u00eb mbrohet, se nuk udh\u00ebtoi n\u00eb Amerik\u00eb nuk \u00ebsht\u00eb ndonj\u00eb kiamet.\u00a0Nuk \u00ebsht\u00eb goditje, por hapje rrug\u00eb p\u00ebr bashk\u00ebqeverisje. SHBA nuk ka shpallur non grata Ramiz Alin\u00eb dhe Nexhmie Hoxh\u00ebn.<\/em><em><br \/>\n\u2026George Soros ka themeluar nj\u00eb fondacion n\u00eb Hungari me emrin e mamas\u00eb \u00eb Blinken (Sekretari i Shtetit).<br \/>\nGeorge Soros nuk \u00ebsht\u00eb pesh\u00eb e leht\u00eb p\u00ebr Sali Berish\u00ebn. George Soros ishte pesh\u00eb e r\u00ebnd\u00eb edhe p\u00ebr Trump-in. E thot\u00eb gjith\u00eb administrata e tij.\u00a0Kur \u00ebsht\u00eb pesh\u00eb e r\u00ebnd\u00eb p\u00ebr presidentin amerikan, nuk qenka p\u00ebr ish kryeministrin shqiptar?<br \/>\nAta q\u00eb e relativizojn\u00eb ose ulin ndikim e tij e b\u00ebjn\u00eb me q\u00ebllim, jan\u00eb pjes\u00eb e propagand\u00ebs. N\u00ebse ka nj\u00eb njeri n\u00eb Ballkan q\u00eb i ka q\u00ebndruar p\u00ebrball\u00eb \u00ebsht\u00eb Berisha.\u00a0<\/em><\/p>\n<p>&nbsp;<\/p>\n","protected":false},"excerpt":{"rendered":"<p>\u00c7im Peka, ka analizuar arsyet q\u00eb soll\u00ebn n\u00eb shpalljen non-grata t\u00eb Sali Berish\u00ebs, nga SHBA dhe p\u00ebrcaktimin e tij si \u201ci korruptuar\u201d. N\u00eb televizionin Syri, nd\u00ebrkoh\u00eb q\u00eb replikonte ashp\u00ebr me Mentor Nazarkon, Peka deklaroi se nuk \u00ebsht\u00eb ndonj\u00eb problem i madh \u201ct\u00eb mos udh\u00ebtosh n\u00eb Amerik\u00eb\u201d dhe se \u201cBerisha nuk ka nevoj\u00eb t\u00eb mbrohet nga [&hellip;]<\/p>\n","protected":false},"author":2016,"featured_media":183440,"comment_status":"closed","ping_status":"closed","sticky":false,"template":"","format":"standard","meta":{"footnotes":""},"categories":[241],"tags":[3164],"class_list":{"0":"post-183437","1":"post","2":"type-post","3":"status-publish","4":"format-standard","5":"has-post-thumbnail","7":"category-aktualitet","8":"tag-lajme-zjarr-nuk-eshte-kiamet-te-mos-udhetosh-ne-shba-zjarr-tv"},"_links":{"self":[{"href":"https:\/\/zjarr.tv\/sq\/wp-json\/wp\/v2\/posts\/183437","targetHints":{"allow":["GET"]}}],"collection":[{"href":"https:\/\/zjarr.tv\/sq\/wp-json\/wp\/v2\/posts"}],"about":[{"href":"https:\/\/zjarr.tv\/sq\/wp-json\/wp\/v2\/types\/post"}],"author":[{"embeddable":true,"href":"https:\/\/zjarr.tv\/sq\/wp-json\/wp\/v2\/users\/2016"}],"replies":[{"embeddable":true,"href":"https:\/\/zjarr.tv\/sq\/wp-json\/wp\/v2\/comments?post=183437"}],"version-history":[{"count":0,"href":"https:\/\/zjarr.tv\/sq\/wp-json\/wp\/v2\/posts\/183437\/revisions"}],"wp:featuredmedia":[{"embeddable":true,"href":"https:\/\/zjarr.tv\/sq\/wp-json\/wp\/v2\/media\/183440"}],"wp:attachment":[{"href":"https:\/\/zjarr.tv\/sq\/wp-json\/wp\/v2\/media?parent=183437"}],"wp:term":[{"taxonomy":"category","embeddable":true,"href":"https:\/\/zjarr.tv\/sq\/wp-json\/wp\/v2\/categories?post=183437"},{"taxonomy":"post_tag","embeddable":true,"href":"https:\/\/zjarr.tv\/sq\/wp-json\/wp\/v2\/tags?post=183437"}],"curies":[{"name":"wp","href":"https:\/\/api.w.org\/{rel}","templated":true}]}}