{"id":183442,"date":"2021-05-20T07:23:26","date_gmt":"2021-05-20T05:23:26","guid":{"rendered":"https:\/\/zjarr.tv\/?p=183442"},"modified":"2021-05-20T07:23:26","modified_gmt":"2021-05-20T05:23:26","slug":"berisha-non-grata-nga-shba-luciano-boci-krishtit-i-ngarkuan-kryqin-me-te-rende","status":"publish","type":"post","link":"https:\/\/zjarr.tv\/sq\/berisha-non-grata-nga-shba-luciano-boci-krishtit-i-ngarkuan-kryqin-me-te-rende\/","title":{"rendered":"Berisha \u201cNon Grata\u201d nga SHBA\/ Lu\u00e7iano Bo\u00e7i: Krishtit i ngarkuan kryqin m\u00eb t\u00eb r\u00ebnd\u00eb\u2026"},"content":{"rendered":"<p>Deputeti i sapozgjedhur i Partis\u00eb Demokratike, Lu\u00e7iano Bo\u00e7i, ka reaguar lidhur me vendimin e DASH, i cili shpalli non grata n\u00eb SHBA, ish-kryeminsitrin Sali Berisha. N\u00ebp\u00ebrmjet nj\u00eb postimi n\u00eb \u201cFacebook\u201d, Bo\u00e7i ka paralelizuar k\u00ebt\u00eb situat\u00eb, duke dh\u00ebn\u00eb shembullin e Krishtit.<\/p>\n<p><em style=\"font-weight: inherit;\">\u201cDhe Krishtit i ngarkuan kryqin m\u00eb t\u00eb r\u00ebnd\u00eb drejt Golgot\u00ebs, pa e ditur se po e ngrinin drejt p\u00ebrjet\u00ebsis\u00eb.<\/em>\u00a0<em style=\"font-weight: inherit;\">Ata q\u00eb e d\u00ebnuan ishin m\u00ebk\u00ebmb\u00ebs t\u00eb Perandoris\u00eb s\u00eb koh\u00ebs.<\/em>\u00a0<em style=\"font-weight: inherit;\">Ata fol\u00ebn po ashtu n\u00eb em\u00ebr t\u00eb ligjit dhe bashk\u00ebpunuan me farisenjt\u00eb vendas.<\/em>\u00a0<em style=\"font-weight: inherit;\">Ajo q\u00eb humbi historikisht ishte Perandoria.<\/em>\u00a0<em style=\"font-weight: inherit;\">Ata q\u00eb fituan p\u00ebrkoh\u00ebsisht dhe f\u00ebrkuan duart p\u00ebr momentin ishin farisenjt\u00eb,\u201d<\/em>\u00a0shkruan Bo\u00e7i.<\/p>\n<p>Ish-kryeministri Sali Berisha reagoi\u00a0p\u00ebr vendimin e SHBA q\u00eb e shpalli \u201cnon grata\u201d. Reagimi i tij erdhi si p\u00ebrgjigje p\u00ebr Sekretarin e Shtetit Antony Blinken, duke k\u00ebrkuar q\u00eb t\u00eb publikojn\u00eb dokumentet. Gjithashtu edhe kreu i PD, Lulzim Basha n\u00eb reagimin e tij, ishte n\u00eb t\u00eb nj\u00ebjt\u00ebn linj\u00eb me Berish\u00ebn, duke e cil\u00ebsuar paraardh\u00ebsin e tij si figur\u00eb me kontribute t\u00eb m\u00ebdha p\u00ebr demokracin\u00eb.<\/p>\n","protected":false},"excerpt":{"rendered":"<p>Deputeti i sapozgjedhur i Partis\u00eb Demokratike, Lu\u00e7iano Bo\u00e7i, ka reaguar lidhur me vendimin e DASH, i cili shpalli non grata n\u00eb SHBA, ish-kryeminsitrin Sali Berisha. N\u00ebp\u00ebrmjet nj\u00eb postimi n\u00eb \u201cFacebook\u201d, Bo\u00e7i ka paralelizuar k\u00ebt\u00eb situat\u00eb, duke dh\u00ebn\u00eb shembullin e Krishtit. \u201cDhe Krishtit i ngarkuan kryqin m\u00eb t\u00eb r\u00ebnd\u00eb drejt Golgot\u00ebs, pa e ditur se po [&hellip;]<\/p>\n","protected":false},"author":2016,"featured_media":183444,"comment_status":"closed","ping_status":"closed","sticky":false,"template":"","format":"standard","meta":{"footnotes":""},"categories":[241],"tags":[3165],"class_list":{"0":"post-183442","1":"post","2":"type-post","3":"status-publish","4":"format-standard","5":"has-post-thumbnail","7":"category-aktualitet","8":"tag-lajme-zjarr-flet-luciano-boci-zjarr-tv"},"_links":{"self":[{"href":"https:\/\/zjarr.tv\/sq\/wp-json\/wp\/v2\/posts\/183442","targetHints":{"allow":["GET"]}}],"collection":[{"href":"https:\/\/zjarr.tv\/sq\/wp-json\/wp\/v2\/posts"}],"about":[{"href":"https:\/\/zjarr.tv\/sq\/wp-json\/wp\/v2\/types\/post"}],"author":[{"embeddable":true,"href":"https:\/\/zjarr.tv\/sq\/wp-json\/wp\/v2\/users\/2016"}],"replies":[{"embeddable":true,"href":"https:\/\/zjarr.tv\/sq\/wp-json\/wp\/v2\/comments?post=183442"}],"version-history":[{"count":0,"href":"https:\/\/zjarr.tv\/sq\/wp-json\/wp\/v2\/posts\/183442\/revisions"}],"wp:featuredmedia":[{"embeddable":true,"href":"https:\/\/zjarr.tv\/sq\/wp-json\/wp\/v2\/media\/183444"}],"wp:attachment":[{"href":"https:\/\/zjarr.tv\/sq\/wp-json\/wp\/v2\/media?parent=183442"}],"wp:term":[{"taxonomy":"category","embeddable":true,"href":"https:\/\/zjarr.tv\/sq\/wp-json\/wp\/v2\/categories?post=183442"},{"taxonomy":"post_tag","embeddable":true,"href":"https:\/\/zjarr.tv\/sq\/wp-json\/wp\/v2\/tags?post=183442"}],"curies":[{"name":"wp","href":"https:\/\/api.w.org\/{rel}","templated":true}]}}