{"id":183630,"date":"2021-05-20T18:16:28","date_gmt":"2021-05-20T16:16:28","guid":{"rendered":"https:\/\/zjarr.tv\/?p=183630"},"modified":"2021-05-20T18:16:28","modified_gmt":"2021-05-20T16:16:28","slug":"zoti-blinken-pretendon-se-ka-imunitet-por-nuk-ka-sali-berisha-per-vendimin-e-dash-nese-i-prek-tjetrit-dinjitetin-i-ke-prekur-familjen","status":"publish","type":"post","link":"https:\/\/zjarr.tv\/sq\/zoti-blinken-pretendon-se-ka-imunitet-por-nuk-ka-sali-berisha-per-vendimin-e-dash-nese-i-prek-tjetrit-dinjitetin-i-ke-prekur-familjen\/","title":{"rendered":"\u201cZoti Blinken pretendon se ka imunitet, por nuk ka.\u201d Sali Berisha p\u00ebr vendimin e DASH: N\u00ebse i prek tjetrit dinjitetin, i ke prekur familjen"},"content":{"rendered":"<p>Ish-kryeministri i Shqip\u00ebris\u00eb, Sali Berisha ka paralajm\u00ebruar Sekretarin amerikan t\u00eb Shtetit, Antony Blinken se n\u00eb Gjykat\u00ebn n\u00eb Franc\u00eb ku do e padis\u00eb nuk e mbron imuniteti.<\/p>\n<p>Berisha thot\u00eb se Blinken \u00ebsht\u00eb autor i nj\u00eb komedie dhe montazhi politik t\u00eb destinuar p\u00ebr ta d\u00ebmtuar at\u00eb.<\/p>\n<p>Ai sakt\u00ebson se akti i tij padit\u00ebs nuk \u00ebsht\u00eb ndaj SHBA, por ndaj Blinken i cili po p\u00ebrbalt e shpif ndaj tij pa asnj\u00eb prov\u00eb, fakt e argument.<\/p>\n<p><em>\u2019Blinken mund t\u00eb mendoj\u00eb se si Sekretar Shteti ai p\u00ebrfiton imunitet, kjo \u00ebsth\u00eb g\u00ebnjesht\u00ebr. Imuniteti sot ver\u00ebsohet nga Gjykata, n\u00eb m\u00ebnyr\u00eb relative \u00e7ka do t\u00eb thot\u00eb se Blinken \u00ebsht\u00eb i mbrojtur nga imuniteti kur ai kryen akte normale si p\u00ebrfaq\u00ebsues i qeveris\u00eb s\u00eb tij.<\/em><\/p>\n<p><em>Por duke filluar nga momenti kur Blinken b\u00ebhet autor i nj\u00eb komedie e montazhi politik i destinuar p\u00ebr t\u00eb m\u00eb d\u00ebmtuar mua, nuk hyn n\u00eb funksionet e nj\u00eb ministri.<\/em><\/p>\n<p><em>Asnj\u00eb qeveri ciladoqoft\u00eb ajo s\u2019mund t\u00eb ket\u00eb funksion shpifjen e p\u00ebrbaltjen. Sipas avokatit tim, q\u00eb un\u00eb kam konsultuar, Blinken nuk \u00ebsht\u00eb i mbrojtur me asnj\u00eb imunitet. Do e padit, do d\u00ebnohet nga Gjykata e Parisit n\u00eb t\u00eb cil\u00ebn \u00ebsht\u00eb ngritur padia nga avokati im. Nj\u00eb\u00a0 vendim ky i paparashikuar ndonj\u00ebher\u00eb n\u00eb jet\u00ebn time. Admirues i pakufish\u00ebm i vendit t\u00eb madh t\u00eb liris\u00eb, aleatit t\u00eb kombit shqiptar. Por znj dhe zot\u00ebrinj \u00e7\u00ebshtaj e dinjitetit \u00ebsht\u00eb m\u00eb thelb\u00ebsorja p\u00ebr njeriun. N\u00eb qoft\u00eb se i prek tjetrit nderin e dinjitetin ti e zhvler\u00ebson at\u00eb p\u00ebr veten e tij, familjen, miqt\u00eb dhe komunitetin ku jeton. Kam qen\u00eb President, kryeminist\u00ebr i Shqip\u00ebris\u00eb, me nj\u00eb fjal\u00eb kam qen\u00eb p\u00ebrgjegj\u00ebs p\u00ebr dinjitetin e k\u00ebtij populli, dhe jam p\u00ebrpjekur t\u00eb b\u00ebj gjith\u00e7ka p\u00ebr nderimin e k\u00ebtij dinjitet. Sot jam qytetar privat, jam p\u00ebrgjegj\u00ebs p\u00ebr dinjitetin tim. Nj\u00eb gj\u00eb dua t\u2019ju sqaroj, dinjiteti i munguar, se po t\u00eb kthehemi nja 30 vite apo 40 mbrapa, mua do t\u00eb m\u00eb gjenit ju nj\u00eb kardiolog pasionant n\u00eb klinik\u00ebn e kardiologjis\u00eb, njeri i sh\u00ebtitur, q\u00eb jetonte absolutisht jo keq t\u00eb themi at\u00eb q\u00eb \u00ebsht\u00eb, kishte nj\u00eb banes\u00eb 30 metra m\u00eb e vog\u00ebl se kjo q\u00eb kam sot. Por kishte nj\u00eb problem, nuk kishte dinjiteti ky njeri. T\u00eb tjera thoshte k\u00ebtu, t\u00eb tjera n\u00eb publik. Shkonte me votue, votonte fshehtaz p\u00ebr at\u00eb q\u00eb urrente. Ky ka qen\u00eb, asgj\u00eb tjet\u00ebr. Shtysa ime p\u00ebr t\u00eb dal\u00eb kund\u00ebr atij regjimi n\u00eb ato shkrime n\u00eb t\u00eb cilat kam shprehur gjat\u00eb 1 viti n\u00eb alfat dhe omegat e atyre q\u00eb ka shpreh dizidenca. Ndaj dhe prap sot kur pas 8 vitesh i larguar nga drejtimi m\u00eb shkelmohet dinjiteti e nderi im, kategorikisht ky akt jo ndaj SHBA, por ndaj nj\u00eb njeriu pa prova e fakte e argumente.<\/em><\/p>\n<p><em>Ndaj SHBA ushqej t\u00eb nj\u00ebjtat ndjenja konstate, por nj\u00eb njeri q\u00eb pa rreshtuar asnj\u00eb prov\u00eb, asnj\u00eb fakt, asnj\u00eb argument, ka ngritur akuza q\u00eb s\u2019i ka d\u00ebgjuar kurr\u00eb askush ndaj meje, as kund\u00ebrshtar\u00ebt m\u00eb t\u00eb eg\u00ebr.\u2019<\/em>\u2019- u shpreh Berisha.<\/p>\n<p><em>\u00a0<\/em><\/p>\n","protected":false},"excerpt":{"rendered":"<p>Ish-kryeministri i Shqip\u00ebris\u00eb, Sali Berisha ka paralajm\u00ebruar Sekretarin amerikan t\u00eb Shtetit, Antony Blinken se n\u00eb Gjykat\u00ebn n\u00eb Franc\u00eb ku do e padis\u00eb nuk e mbron imuniteti. Berisha thot\u00eb se Blinken \u00ebsht\u00eb autor i nj\u00eb komedie dhe montazhi politik t\u00eb destinuar p\u00ebr ta d\u00ebmtuar at\u00eb. Ai sakt\u00ebson se akti i tij padit\u00ebs nuk \u00ebsht\u00eb ndaj SHBA, [&hellip;]<\/p>\n","protected":false},"author":2030,"featured_media":183631,"comment_status":"closed","ping_status":"closed","sticky":false,"template":"","format":"standard","meta":{"footnotes":""},"categories":[241,1454],"tags":[],"class_list":{"0":"post-183630","1":"post","2":"type-post","3":"status-publish","4":"format-standard","5":"has-post-thumbnail","7":"category-aktualitet","8":"category-politike"},"_links":{"self":[{"href":"https:\/\/zjarr.tv\/sq\/wp-json\/wp\/v2\/posts\/183630","targetHints":{"allow":["GET"]}}],"collection":[{"href":"https:\/\/zjarr.tv\/sq\/wp-json\/wp\/v2\/posts"}],"about":[{"href":"https:\/\/zjarr.tv\/sq\/wp-json\/wp\/v2\/types\/post"}],"author":[{"embeddable":true,"href":"https:\/\/zjarr.tv\/sq\/wp-json\/wp\/v2\/users\/2030"}],"replies":[{"embeddable":true,"href":"https:\/\/zjarr.tv\/sq\/wp-json\/wp\/v2\/comments?post=183630"}],"version-history":[{"count":0,"href":"https:\/\/zjarr.tv\/sq\/wp-json\/wp\/v2\/posts\/183630\/revisions"}],"wp:featuredmedia":[{"embeddable":true,"href":"https:\/\/zjarr.tv\/sq\/wp-json\/wp\/v2\/media\/183631"}],"wp:attachment":[{"href":"https:\/\/zjarr.tv\/sq\/wp-json\/wp\/v2\/media?parent=183630"}],"wp:term":[{"taxonomy":"category","embeddable":true,"href":"https:\/\/zjarr.tv\/sq\/wp-json\/wp\/v2\/categories?post=183630"},{"taxonomy":"post_tag","embeddable":true,"href":"https:\/\/zjarr.tv\/sq\/wp-json\/wp\/v2\/tags?post=183630"}],"curies":[{"name":"wp","href":"https:\/\/api.w.org\/{rel}","templated":true}]}}