{"id":183642,"date":"2021-05-20T18:42:34","date_gmt":"2021-05-20T16:42:34","guid":{"rendered":"https:\/\/zjarr.tv\/?p=183642"},"modified":"2021-05-20T18:42:34","modified_gmt":"2021-05-20T16:42:34","slug":"vendimi-per-berishen-bugajski-per-voa-ky-veprim-do-te-shihet-si-nje-hap-anti-shqiptar-ne-rajon","status":"publish","type":"post","link":"https:\/\/zjarr.tv\/sq\/vendimi-per-berishen-bugajski-per-voa-ky-veprim-do-te-shihet-si-nje-hap-anti-shqiptar-ne-rajon\/","title":{"rendered":"Vendimi p\u00ebr Berish\u00ebn, Bugajski p\u00ebr VOA: Ky veprim do t\u00eb shihet si nj\u00eb hap anti-shqiptar n\u00eb rajon"},"content":{"rendered":"<p>Analisti i njohur amerikan Janusz Bugajski, i Fondacionit Jamestown ka komentuar p\u00ebr Z\u00ebrin e Amerik\u00ebs vendimin e DASH p\u00ebr ndalimin e hyrjes n\u00eb SHBA t\u00eb Sali Berish\u00ebs.<\/p>\n<p>Gjat\u00eb nj\u00eb interviste p\u00ebr VOA-n, Bugajski ka theksuar se nuk e kupton se pse \u00ebsht\u00eb p\u00ebrcaktuar pik\u00ebrisht Sali Berisha dhe pse tani.<\/p>\n<p>\u2018<em>Nuk e kuptoj se p\u00ebrse ve\u00e7ohet nj\u00eb ish-udh\u00ebheq\u00ebs politik, i cili nuk mban m\u00eb poste. Kjo \u00ebsht\u00eb di\u00e7ka q\u00eb mund t\u00eb b\u00ebhej nga brenda vendit; n\u00ebse ekzistojn\u00eb prova t\u00eb forta, ata duhet t\u00eb k\u00ebrkojn\u00eb nj\u00eb gjyq, nj\u00eb hetim e t\u00eb tjera, por t\u00eb ndalosh dik\u00eb t\u00eb udh\u00ebtoj\u00eb, kjo duket si nj\u00eb standard i dyfisht\u00eb, diskriminim, apo ato q\u00eb p\u00ebrmenda. Pra, nuk mendoj se \u00ebsht\u00eb nj\u00eb ide e mir\u00eb dhe koha kur merret ky vendim nuk \u00ebsht\u00eb e p\u00ebrshtatshme\u2019<\/em>, i tha ai Z\u00ebrit t\u00eb Amerik\u00ebs.<\/p>\n<p>Sipas Bugajskit, n\u00ebse do t\u00eb p\u00ebrfshihen edhe njer\u00ebz t\u00eb tjer\u00eb nga rajoni, \u2018do t\u00eb mbeteshin shum\u00eb pak udh\u00ebheq\u00ebs politik\u00eb t\u00eb Ballkanit, ose t\u00eb nj\u00eb pjese t\u00eb mir\u00eb t\u00eb Evrop\u00ebs Lindore, q\u00eb do t\u00eb lejoheshin t\u00eb hynin n\u00eb Amerik\u00eb\u2019.<\/p>\n<p>Ai druhet se ky veprim do t\u00eb shihet si nj\u00eb hap anti-shqiptar n\u00eb rajon.<\/p>\n<p>\u2018<em>Bashkimi Evropian qysh tani po e mban n\u00eb distanc\u00eb Shqip\u00ebrin\u00eb dhe Maqedonin\u00eb e Veriut, Kosova ende nuk e ka marr\u00eb liberalizimin e vizave dhe jam i sigurt q\u00eb do t\u00eb ket\u00eb njer\u00ebz t\u00eb cil\u00ebt do t\u00eb thon\u00eb se ky diskriminim kund\u00ebr shqiptar\u00ebve tani po praktikohet nga administrata e re n\u00eb Uashington\u2019,<\/em> thot\u00eb ai.<\/p>\n<p>Bugajski shtron pyetjen n\u00ebse n\u00eb k\u00ebt\u00eb kategori do t\u00eb p\u00ebrfshihen figura t\u00eb tjera politike.<\/p>\n<p>\u2018<em>Ka patur mjaft debate p\u00ebr qeverin\u00eb e tanishme t\u00eb Shqip\u00ebris\u00eb, n\u00ebse do t\u00eb p\u00ebrfshihet edhe Kryeministri, Presidenti, opozita. Po vendet fqinje? Mali i Zi, Kosova e k\u00ebshtu me radh\u00eb? Kjo i ngjan gati-gati hapjes s\u00eb Kutis\u00eb s\u00eb Pandor\u00ebs, pra se cil\u00ebt udh\u00ebheq\u00ebs nuk do t\u00eb lejohen n\u00eb Shtetet e Bashkuara\u2019<\/em>, thot\u00eb Bugajski.<\/p>\n<p>Bugajski e pranon q\u00eb ideja ka qen\u00eb q\u00eb t\u00eb d\u00ebrgohet nj\u00eb sinjal i fort\u00eb n\u00eb rajon, por shton se mund t\u00eb b\u00ebhet fjal\u00eb p\u00ebr nj\u00eb sinjal t\u00eb fort\u00eb t\u00eb gabuar.<\/p>\n<p>&nbsp;<\/p>\n","protected":false},"excerpt":{"rendered":"<p>Analisti i njohur amerikan Janusz Bugajski, i Fondacionit Jamestown ka komentuar p\u00ebr Z\u00ebrin e Amerik\u00ebs vendimin e DASH p\u00ebr ndalimin e hyrjes n\u00eb SHBA t\u00eb Sali Berish\u00ebs. Gjat\u00eb nj\u00eb interviste p\u00ebr VOA-n, Bugajski ka theksuar se nuk e kupton se pse \u00ebsht\u00eb p\u00ebrcaktuar pik\u00ebrisht Sali Berisha dhe pse tani. \u2018Nuk e kuptoj se p\u00ebrse ve\u00e7ohet [&hellip;]<\/p>\n","protected":false},"author":2030,"featured_media":183643,"comment_status":"closed","ping_status":"closed","sticky":false,"template":"","format":"standard","meta":{"footnotes":""},"categories":[241],"tags":[],"class_list":{"0":"post-183642","1":"post","2":"type-post","3":"status-publish","4":"format-standard","5":"has-post-thumbnail","7":"category-aktualitet"},"_links":{"self":[{"href":"https:\/\/zjarr.tv\/sq\/wp-json\/wp\/v2\/posts\/183642","targetHints":{"allow":["GET"]}}],"collection":[{"href":"https:\/\/zjarr.tv\/sq\/wp-json\/wp\/v2\/posts"}],"about":[{"href":"https:\/\/zjarr.tv\/sq\/wp-json\/wp\/v2\/types\/post"}],"author":[{"embeddable":true,"href":"https:\/\/zjarr.tv\/sq\/wp-json\/wp\/v2\/users\/2030"}],"replies":[{"embeddable":true,"href":"https:\/\/zjarr.tv\/sq\/wp-json\/wp\/v2\/comments?post=183642"}],"version-history":[{"count":0,"href":"https:\/\/zjarr.tv\/sq\/wp-json\/wp\/v2\/posts\/183642\/revisions"}],"wp:featuredmedia":[{"embeddable":true,"href":"https:\/\/zjarr.tv\/sq\/wp-json\/wp\/v2\/media\/183643"}],"wp:attachment":[{"href":"https:\/\/zjarr.tv\/sq\/wp-json\/wp\/v2\/media?parent=183642"}],"wp:term":[{"taxonomy":"category","embeddable":true,"href":"https:\/\/zjarr.tv\/sq\/wp-json\/wp\/v2\/categories?post=183642"},{"taxonomy":"post_tag","embeddable":true,"href":"https:\/\/zjarr.tv\/sq\/wp-json\/wp\/v2\/tags?post=183642"}],"curies":[{"name":"wp","href":"https:\/\/api.w.org\/{rel}","templated":true}]}}