{"id":183653,"date":"2021-05-21T07:31:03","date_gmt":"2021-05-21T05:31:03","guid":{"rendered":"https:\/\/zjarr.tv\/?p=183653"},"modified":"2021-05-21T07:31:03","modified_gmt":"2021-05-21T05:31:03","slug":"vendimi-i-dash-sali-berisha-femijet-e-mi-nuk-kane-perfituar-nga-une-ndersa-meta","status":"publish","type":"post","link":"https:\/\/zjarr.tv\/sq\/vendimi-i-dash-sali-berisha-femijet-e-mi-nuk-kane-perfituar-nga-une-ndersa-meta\/","title":{"rendered":"Vendimi i DASH\/ Sali Berisha: F\u00ebmij\u00ebt e mi nuk kan\u00eb p\u00ebrfituar nga un\u00eb, nd\u00ebrsa Meta\u2026"},"content":{"rendered":"<p>Ish-kryeministri Sali Berisha, ka folur n\u00eb emisionin \u201cOpinion\u201d, lidhur me shpalljen non grata nga SHBA.<\/p>\n<p>Berisha gjat\u00eb fjal\u00ebs s\u00eb tij tha se nuk ka ndihmuar kurr\u00eb aleat\u00ebt e politik, teksa tha se n\u00eb rastin e videos Meta-Prifti, nuk ka nd\u00ebrhyr\u00eb n\u00eb sistemin e drejt\u00ebsis\u00eb p\u00ebr ta favorizuar at\u00eb. Gjithashtu, foli dhe p\u00ebr aktivitetin e familjes s\u00eb tij, ku mohoi akuzat e ngritura ndaj vajz\u00ebs dhe djalit t\u00eb tij.<\/p>\n<p>\u201cIlir Meta pati nj\u00eb problem, doli video e cila ishte 29 her\u00eb copy paste. Ilir Meta dha dor\u00ebheqjen dhe pse Prokuroria nuk e \u00e7oi dot n\u00eb Gjykat\u00eb, shkoi vet\u00eb n\u00eb Gjykat\u00eb. Presion politik kur nuk i hiqet imuniteti, por kuri i hiqet imunitet nuk ka asnj\u00eb presion politik. N\u00ebse ti e merr se i paska b\u00ebr\u00eb presion. Po tani Edi Rama i b\u00ebri presion dhe dy her\u00eb t\u00eb tjera. Po marrim bashk\u00ebshorten time, e cila ka punuar n\u00eb t\u00eb nj\u00ebjt\u00ebn lagje sikur kam qen\u00eb un\u00eb mjek ashtu kur jam b\u00ebr\u00eb President, kur kam qen\u00eb n\u00eb opozit\u00eb dhe Kryeminist\u00ebr dhe bashk\u00ebshortja ime nuk ka qen\u00eb kurr\u00eb an\u00ebtare e asnj\u00eb bordi q\u00eb t\u00eb marr\u00eb nj\u00eb shtes\u00eb rrog\u00eb. Bashk\u00ebshortja ime mund t\u00eb jet\u00eb nga m\u00eb t\u00eb paktat q\u00eb ka 15 vite q\u00eb punuan vullnetarisht p\u00ebr f\u00ebmij\u00ebt autik. Tani m\u00eb thuaj \u00e7far\u00eb ka p\u00ebrfituar bashk\u00ebshortja nga un\u00eb. \u00cbsht\u00eb e nderuar me \u00e7mimet t\u00eb larta t\u00eb autizmit t\u00eb grave demokrate, t\u00eb kongresit amerikan. Marrim f\u00ebmij\u00ebt. Djali im n\u00eb jet\u00ebn e tij ka marr\u00eb 3 ose 4 muaj rrog\u00eb shteti n\u00eb fillim dhe nuk ka marr\u00eb kurr\u00eb m\u00eb asnj\u00eb rrog\u00eb. nuk ka p\u00ebrfituar qoft\u00eb dhe nj\u00eb qindark\u00eb nga sektori publik dhe kompani t\u00eb lidhura me sektorin publik. Ai nuk p\u00ebrfituar nj\u00eb qindark\u00eb nga sektori publik dhe nga p\u00ebrfituesit e sektorit publik.<\/p>\n<p>\u00c7\u00ebshtja e G\u00ebrdecit&#8230;<\/p>\n<p>Jan\u00eb t\u00eb gjitha trillime, absolutisht kurr\u00eb s\u2019ka patur lidhje. Marrim vajz\u00ebn, k\u00ebtu n\u00eb k\u00ebt\u00eb studio kur \u00ebsht\u00eb kthyer nga Kosova kan\u00eb b\u00ebr\u00eb bilancin. Ata kan\u00eb punuar 7 vite n\u00eb Kosov\u00eb n\u00eb pozicion t\u00eb mir\u00eb ajo dhe dh\u00ebnd\u00ebri. T\u00eb ardhurat 7 vje\u00e7are arrinin n\u00eb 1 milion e 400 mij\u00eb dollar\u00eb. Kishin shpenzuar 400 mij\u00eb dhe jan\u00eb kthyer\u00a0 me 1 milion\u00eb.<\/p>\n<p>A kan\u00eb p\u00ebrdorur pushtetin p\u00ebr influenca&#8230; Absolutisht, kurr\u00eb.<\/p>\n<p>&nbsp;<\/p>\n","protected":false},"excerpt":{"rendered":"<p>Ish-kryeministri Sali Berisha, ka folur n\u00eb emisionin \u201cOpinion\u201d, lidhur me shpalljen non grata nga SHBA. Berisha gjat\u00eb fjal\u00ebs s\u00eb tij tha se nuk ka ndihmuar kurr\u00eb aleat\u00ebt e politik, teksa tha se n\u00eb rastin e videos Meta-Prifti, nuk ka nd\u00ebrhyr\u00eb n\u00eb sistemin e drejt\u00ebsis\u00eb p\u00ebr ta favorizuar at\u00eb. Gjithashtu, foli dhe p\u00ebr aktivitetin e familjes [&hellip;]<\/p>\n","protected":false},"author":2016,"featured_media":183655,"comment_status":"closed","ping_status":"closed","sticky":false,"template":"","format":"standard","meta":{"footnotes":""},"categories":[241],"tags":[3188],"class_list":{"0":"post-183653","1":"post","2":"type-post","3":"status-publish","4":"format-standard","5":"has-post-thumbnail","7":"category-aktualitet","8":"tag-lajme-zjarr-berisha-femijet-e-mi-nuk-kane-perfituar-nga-une-zjarr-tv"},"_links":{"self":[{"href":"https:\/\/zjarr.tv\/sq\/wp-json\/wp\/v2\/posts\/183653","targetHints":{"allow":["GET"]}}],"collection":[{"href":"https:\/\/zjarr.tv\/sq\/wp-json\/wp\/v2\/posts"}],"about":[{"href":"https:\/\/zjarr.tv\/sq\/wp-json\/wp\/v2\/types\/post"}],"author":[{"embeddable":true,"href":"https:\/\/zjarr.tv\/sq\/wp-json\/wp\/v2\/users\/2016"}],"replies":[{"embeddable":true,"href":"https:\/\/zjarr.tv\/sq\/wp-json\/wp\/v2\/comments?post=183653"}],"version-history":[{"count":0,"href":"https:\/\/zjarr.tv\/sq\/wp-json\/wp\/v2\/posts\/183653\/revisions"}],"wp:featuredmedia":[{"embeddable":true,"href":"https:\/\/zjarr.tv\/sq\/wp-json\/wp\/v2\/media\/183655"}],"wp:attachment":[{"href":"https:\/\/zjarr.tv\/sq\/wp-json\/wp\/v2\/media?parent=183653"}],"wp:term":[{"taxonomy":"category","embeddable":true,"href":"https:\/\/zjarr.tv\/sq\/wp-json\/wp\/v2\/categories?post=183653"},{"taxonomy":"post_tag","embeddable":true,"href":"https:\/\/zjarr.tv\/sq\/wp-json\/wp\/v2\/tags?post=183653"}],"curies":[{"name":"wp","href":"https:\/\/api.w.org\/{rel}","templated":true}]}}