{"id":183671,"date":"2021-05-21T08:37:55","date_gmt":"2021-05-21T06:37:55","guid":{"rendered":"https:\/\/zjarr.tv\/?p=183671"},"modified":"2021-05-21T08:37:55","modified_gmt":"2021-05-21T06:37:55","slug":"denimi-i-adriatik-llalles-ambasadorja-yuri-kim-spak-po-jep-rezultate","status":"publish","type":"post","link":"https:\/\/zjarr.tv\/sq\/denimi-i-adriatik-llalles-ambasadorja-yuri-kim-spak-po-jep-rezultate\/","title":{"rendered":"D\u00ebnimi i Adriatik Llall\u00ebs\/ Ambasadorja Yuri Kim: SPAK po jep rezultate\u2026"},"content":{"rendered":"<p>Ambasadorja e SHBA Yuri Kim, ka reaguar n\u00eb lidhje me d\u00ebnimin me 2 vite burg t\u00eb ish-kryeprokurorit Adriatik Llalla.<\/p>\n<p>N\u00ebp\u00ebrmjet nj\u00eb postimi n\u00eb \u201cTwitter\u201d, Kim shkruan se SPAK po jep rezultate, duke d\u00ebnuar nj\u00eb zyrtar t\u00eb lart\u00eb i ndaluar nga SHBA p\u00ebr korruposion. Kim thot\u00eb se askush nuk \u00ebsht\u00eb mbi ligjin dhe t\u00eb gjith\u00eb jan\u00eb t\u00eb barabart\u00eb para ligjit.<\/p>\n<p>\u201cM\u00eb vjen mir\u00eb q\u00eb shoh SPAK t\u00eb jap\u00eb gjithmon\u00eb e m\u00eb shum\u00eb rezultate. Kjo \u00e7\u00ebshtje, e cila p\u00ebrfshin nj\u00eb ish-zyrtar t\u00eb lart\u00eb t\u00eb ndaluar nga SHBA p\u00ebr korrupsion, tregon se askush, pavar\u00ebsisht sa i fuqish\u00ebm, nuk \u00ebsht\u00eb mbi ligjin. Kur t\u00eb gjith\u00eb jan\u00eb t\u00eb barabart\u00eb p\u00ebrball\u00eb ligjit, t\u00eb gjith\u00eb kan\u00eb dinjitet. Ky \u00ebsht\u00eb dinjiteti i v\u00ebrtet\u00eb\u201d, shkruan Kim.<\/p>\n<p>Gjykata e Posa\u00e7me d\u00ebnoi me 2 vite burg, si dhe 5 vjet heqje funksionesh publike, ish-Prokurorin e P\u00ebrgjithsh\u00ebm, Adriatik Llalla, p\u00ebr \u201cfshehje dhe mosdeklarim t\u00eb pasuris\u00eb\u201d. Gjykata vendosi edhe konfiskim t\u00eb pasurive, gati 22 mij\u00eb metra katror\u00eb truall dhe nj\u00eb apartament n\u00eb Durr\u00ebs.<\/p>\n<p>Prej shkurtit 2018, Llalla \u00ebsht\u00eb pjes\u00eb e list\u00ebs s\u00eb zez\u00eb t\u00eb Departamentit Amerikan t\u00eb Shtetit, q\u00eb i ka ndaluar hyrjen n\u00eb SHBA atij dhe familjar\u00ebve.<\/p>\n<p>&nbsp;<\/p>\n","protected":false},"excerpt":{"rendered":"<p>Ambasadorja e SHBA Yuri Kim, ka reaguar n\u00eb lidhje me d\u00ebnimin me 2 vite burg t\u00eb ish-kryeprokurorit Adriatik Llalla. N\u00ebp\u00ebrmjet nj\u00eb postimi n\u00eb \u201cTwitter\u201d, Kim shkruan se SPAK po jep rezultate, duke d\u00ebnuar nj\u00eb zyrtar t\u00eb lart\u00eb i ndaluar nga SHBA p\u00ebr korruposion. Kim thot\u00eb se askush nuk \u00ebsht\u00eb mbi ligjin dhe t\u00eb gjith\u00eb jan\u00eb [&hellip;]<\/p>\n","protected":false},"author":2016,"featured_media":183673,"comment_status":"closed","ping_status":"closed","sticky":false,"template":"","format":"standard","meta":{"footnotes":""},"categories":[241],"tags":[3194],"class_list":{"0":"post-183671","1":"post","2":"type-post","3":"status-publish","4":"format-standard","5":"has-post-thumbnail","7":"category-aktualitet","8":"tag-lajme-zjarr-kim-flet-per-denimin-e-llalles-zjarr-tv"},"_links":{"self":[{"href":"https:\/\/zjarr.tv\/sq\/wp-json\/wp\/v2\/posts\/183671","targetHints":{"allow":["GET"]}}],"collection":[{"href":"https:\/\/zjarr.tv\/sq\/wp-json\/wp\/v2\/posts"}],"about":[{"href":"https:\/\/zjarr.tv\/sq\/wp-json\/wp\/v2\/types\/post"}],"author":[{"embeddable":true,"href":"https:\/\/zjarr.tv\/sq\/wp-json\/wp\/v2\/users\/2016"}],"replies":[{"embeddable":true,"href":"https:\/\/zjarr.tv\/sq\/wp-json\/wp\/v2\/comments?post=183671"}],"version-history":[{"count":0,"href":"https:\/\/zjarr.tv\/sq\/wp-json\/wp\/v2\/posts\/183671\/revisions"}],"wp:featuredmedia":[{"embeddable":true,"href":"https:\/\/zjarr.tv\/sq\/wp-json\/wp\/v2\/media\/183673"}],"wp:attachment":[{"href":"https:\/\/zjarr.tv\/sq\/wp-json\/wp\/v2\/media?parent=183671"}],"wp:term":[{"taxonomy":"category","embeddable":true,"href":"https:\/\/zjarr.tv\/sq\/wp-json\/wp\/v2\/categories?post=183671"},{"taxonomy":"post_tag","embeddable":true,"href":"https:\/\/zjarr.tv\/sq\/wp-json\/wp\/v2\/tags?post=183671"}],"curies":[{"name":"wp","href":"https:\/\/api.w.org\/{rel}","templated":true}]}}