{"id":183674,"date":"2021-05-21T08:48:03","date_gmt":"2021-05-21T06:48:03","guid":{"rendered":"https:\/\/zjarr.tv\/?p=183674"},"modified":"2021-05-21T08:48:03","modified_gmt":"2021-05-21T06:48:03","slug":"spartak-ngjela-ben-deklaraten-e-forte-jam-profesionist-me-kane-dale-te-gjitha-jeni-ne-metro-ju","status":"publish","type":"post","link":"https:\/\/zjarr.tv\/sq\/spartak-ngjela-ben-deklaraten-e-forte-jam-profesionist-me-kane-dale-te-gjitha-jeni-ne-metro-ju\/","title":{"rendered":"Spartak Ngjela b\u00ebn deklarat\u00ebn e fort\u00eb: Jam profesionist, m\u00eb kan\u00eb dal\u00eb t\u00eb gjitha\/ Jeni n\u00eb metro ju?"},"content":{"rendered":"<p style=\"background: white; margin: 0in 0in 19.5pt 0in;\"><span style=\"color: #222222;\">Avokati Spartak Ngjela, ka komentuar sot l\u00ebvizjen e ish-kryeministrit Berisha, i cili vendosi q\u00eb t\u00eb hedh\u00eb n\u00eb gjyq p\u00ebr shpifje, Sekretarin amerikan t\u00eb Shtetit, Antony Blinken, pasi ky i fundit e shpalli \u201cnon-grata\u201d n\u00eb SHBA.<\/span><\/p>\n<p style=\"background: white; -webkit-tap-highlight-color: transparent !important; box-sizing: border-box; overflow-wrap: break-word; font-variant-ligatures: normal; font-variant-caps: normal; orphans: 2; widows: 2; -webkit-text-stroke-width: 0px; text-decoration-thickness: initial; text-decoration-style: initial; text-decoration-color: initial; word-spacing: 0px; margin: 0in 0in 19.5pt 0in;\"><span style=\"color: #222222;\">Ngjela tha se Berisha ka gabuar dhe \u00ebsht\u00eb nxituar, pasi n\u00eb k\u00ebt\u00eb m\u00ebnyr\u00eb ka p\u00ebrshpejtuar procesin gjyq\u00ebsor ndaj tij.<\/span><\/p>\n<p style=\"background: white; -webkit-tap-highlight-color: transparent !important; box-sizing: border-box; overflow-wrap: break-word; font-variant-ligatures: normal; font-variant-caps: normal; orphans: 2; widows: 2; -webkit-text-stroke-width: 0px; text-decoration-thickness: initial; text-decoration-style: initial; text-decoration-color: initial; word-spacing: 0px; margin: 0in 0in 19.5pt 0in;\"><span style=\"color: #222222;\">Ai deklaroi n\u00eb \u201cOpen\u201d, se ish-kreu i PD nuk ka hedhur n\u00eb gjyq nj\u00eb qytetar t\u00eb thjesht\u00eb, por vet\u00eb politik\u00ebn amerikane.<\/span><\/p>\n<p style=\"background: white; -webkit-tap-highlight-color: transparent !important; box-sizing: border-box; overflow-wrap: break-word; font-variant-ligatures: normal; font-variant-caps: normal; orphans: 2; widows: 2; -webkit-text-stroke-width: 0px; text-decoration-thickness: initial; text-decoration-style: initial; text-decoration-color: initial; word-spacing: 0px; margin: 0in 0in 19.5pt 0in;\"><strong style=\"-webkit-tap-highlight-color: transparent !important; box-sizing: border-box;\"><span style=\"color: #222222;\">Spartak Ngjela:<\/span><\/strong><span style=\"color: #222222;\">\u00a0Berisha nuk ka hedhur qytetarin amerikan n\u00eb gjyq, ka hedhur Sekretarin e Shtetit. Ju mendoni se ai flet me mendimet e gruas s\u00eb tij? Jeni n\u00eb metro ju? Ai flet me mendimet e politik\u00ebs amerikane. Ai \u00ebsht\u00eb ministri i Jasht\u00ebm, Saliu ka hedhur n\u00eb gjyq politik\u00ebn amerikane. D\u00ebgjova ambasadoren sot me sarkaz\u00ebm dhe prokurori i p\u00ebrgjithsh\u00ebm tha u d\u00ebnua. Nuk e di se \u00e7far\u00eb ka nd\u00ebrmend ai, duke e \u00e7uar n\u00eb Franc\u00eb \u00e7\u00ebshtjen. Nuk e kuptuam n\u00ebse \u00ebsht\u00eb padi penale apo civile. Edhe sikur Blinken t\u00eb ishte qytetar i thjesht\u00eb, nuk \u00ebsht\u00eb qytetar francez.<\/span><\/p>\n<p style=\"background: white; -webkit-tap-highlight-color: transparent !important; box-sizing: border-box; overflow-wrap: break-word; font-variant-ligatures: normal; font-variant-caps: normal; orphans: 2; widows: 2; -webkit-text-stroke-width: 0px; text-decoration-thickness: initial; text-decoration-style: initial; text-decoration-color: initial; word-spacing: 0px; margin: 0in 0in 19.5pt 0in;\"><strong style=\"-webkit-tap-highlight-color: transparent !important; box-sizing: border-box;\"><span style=\"color: #222222;\">Gjekmarkaj:<\/span><\/strong><span style=\"color: #222222;\">\u00a0Ai foli p\u00ebr gjykat\u00eb nd\u00ebrkomb\u00ebtare n\u00eb Paris.<\/span><\/p>\n<p style=\"background: white; -webkit-tap-highlight-color: transparent !important; box-sizing: border-box; overflow-wrap: break-word; font-variant-ligatures: normal; font-variant-caps: normal; orphans: 2; widows: 2; -webkit-text-stroke-width: 0px; text-decoration-thickness: initial; text-decoration-style: initial; text-decoration-color: initial; word-spacing: 0px; margin: 0in 0in 19.5pt 0in;\"><strong style=\"-webkit-tap-highlight-color: transparent !important; box-sizing: border-box;\"><span style=\"color: #222222;\">Ngjela:<\/span><\/strong><span style=\"color: #222222;\">\u00a0\u00c7\u2019pun\u00eb ka gjykata nd\u00ebrkomb\u00ebtare n\u00eb Paris. Nuk mor\u00ebm vesh \u00e7far\u00eb padie \u00ebsht\u00eb.<\/span><\/p>\n<p style=\"background: white; -webkit-tap-highlight-color: transparent !important; box-sizing: border-box; overflow-wrap: break-word; font-variant-ligatures: normal; font-variant-caps: normal; orphans: 2; widows: 2; -webkit-text-stroke-width: 0px; text-decoration-thickness: initial; text-decoration-style: initial; text-decoration-color: initial; word-spacing: 0px; margin: 0in 0in 19.5pt 0in;\"><strong style=\"-webkit-tap-highlight-color: transparent !important; box-sizing: border-box;\"><span style=\"color: #222222;\">Vasili:<\/span><\/strong><span style=\"color: #222222;\">\u00a0Si e shihni si l\u00ebvizje poliitke?<\/span><\/p>\n<p style=\"background: white; -webkit-tap-highlight-color: transparent !important; box-sizing: border-box; overflow-wrap: break-word; font-variant-ligatures: normal; font-variant-caps: normal; orphans: 2; widows: 2; -webkit-text-stroke-width: 0px; text-decoration-thickness: initial; text-decoration-style: initial; text-decoration-color: initial; word-spacing: 0px; margin: 0in 0in 19.5pt 0in;\"><strong style=\"-webkit-tap-highlight-color: transparent !important; box-sizing: border-box;\"><span style=\"color: #222222;\">Ngjela:<\/span><\/strong><span style=\"color: #222222;\">\u00a0I trembur. Ndoshta s\u2019\u00ebsht\u00eb faji i tij. Ai b\u00ebri gabim sepse ka p\u00ebrshpejtuar \u00e7\u00ebshtjen gjyq\u00ebsore ngaj tij. Jam profesionist, m\u00eb kan\u00eb dal\u00eb t\u00eb gjitha. Rrini serioz se nuk na intereson ne si shqiptar t\u00eb kemi procese t\u00eb tilla. Nuk e di \u00e7far\u00eb do b\u00ebj\u00eb Berisha \u00ebsht\u00eb puna e tij. Por n\u00eb k\u00ebt\u00eb rast ka gabuar. Ka dhe nj\u00eb ligj p\u00ebr ekstradimin tani. Ju s\u2019keni lexuar ligjin. Nuk ka Shqip\u00ebria k\u00ebllqe sociale q\u00eb t\u00eb duroj\u00eb situata t\u00eb tilla. Saliu \u00ebsht\u00eb n\u00ebn akuz\u00eb. Po p\u00ebr ushtar\u00ebt e NATO-s q\u00eb kan\u00eb ardhur k\u00ebtu? P\u00ebr \u00e7far\u00eb kan\u00eb ardhur ata? Q\u00eb t\u00eb vjelin rrusht\u00eb e fshatar\u00ebve shqiptar\u00eb. \u00a0<\/span><\/p>\n","protected":false},"excerpt":{"rendered":"<p>Avokati Spartak Ngjela, ka komentuar sot l\u00ebvizjen e ish-kryeministrit Berisha, i cili vendosi q\u00eb t\u00eb hedh\u00eb n\u00eb gjyq p\u00ebr shpifje, Sekretarin amerikan t\u00eb Shtetit, Antony Blinken, pasi ky i fundit e shpalli \u201cnon-grata\u201d n\u00eb SHBA. Ngjela tha se Berisha ka gabuar dhe \u00ebsht\u00eb nxituar, pasi n\u00eb k\u00ebt\u00eb m\u00ebnyr\u00eb ka p\u00ebrshpejtuar procesin gjyq\u00ebsor ndaj tij. Ai [&hellip;]<\/p>\n","protected":false},"author":2016,"featured_media":183676,"comment_status":"closed","ping_status":"closed","sticky":false,"template":"","format":"standard","meta":{"footnotes":""},"categories":[241,1454],"tags":[3195],"class_list":{"0":"post-183674","1":"post","2":"type-post","3":"status-publish","4":"format-standard","5":"has-post-thumbnail","7":"category-aktualitet","8":"category-politike","9":"tag-lajme-zjarr-ngjela-jam-profesionist-zjarr-tv"},"_links":{"self":[{"href":"https:\/\/zjarr.tv\/sq\/wp-json\/wp\/v2\/posts\/183674","targetHints":{"allow":["GET"]}}],"collection":[{"href":"https:\/\/zjarr.tv\/sq\/wp-json\/wp\/v2\/posts"}],"about":[{"href":"https:\/\/zjarr.tv\/sq\/wp-json\/wp\/v2\/types\/post"}],"author":[{"embeddable":true,"href":"https:\/\/zjarr.tv\/sq\/wp-json\/wp\/v2\/users\/2016"}],"replies":[{"embeddable":true,"href":"https:\/\/zjarr.tv\/sq\/wp-json\/wp\/v2\/comments?post=183674"}],"version-history":[{"count":0,"href":"https:\/\/zjarr.tv\/sq\/wp-json\/wp\/v2\/posts\/183674\/revisions"}],"wp:featuredmedia":[{"embeddable":true,"href":"https:\/\/zjarr.tv\/sq\/wp-json\/wp\/v2\/media\/183676"}],"wp:attachment":[{"href":"https:\/\/zjarr.tv\/sq\/wp-json\/wp\/v2\/media?parent=183674"}],"wp:term":[{"taxonomy":"category","embeddable":true,"href":"https:\/\/zjarr.tv\/sq\/wp-json\/wp\/v2\/categories?post=183674"},{"taxonomy":"post_tag","embeddable":true,"href":"https:\/\/zjarr.tv\/sq\/wp-json\/wp\/v2\/tags?post=183674"}],"curies":[{"name":"wp","href":"https:\/\/api.w.org\/{rel}","templated":true}]}}