{"id":183681,"date":"2021-05-21T09:14:29","date_gmt":"2021-05-21T07:14:29","guid":{"rendered":"https:\/\/zjarr.tv\/?p=183681"},"modified":"2021-05-21T09:14:29","modified_gmt":"2021-05-21T07:14:29","slug":"ish-kryeministri-berisha-dhendri-im-i-ka-pronat-e-trasheguara-nga-gjyshja","status":"publish","type":"post","link":"https:\/\/zjarr.tv\/sq\/ish-kryeministri-berisha-dhendri-im-i-ka-pronat-e-trasheguara-nga-gjyshja\/","title":{"rendered":"Ish-kryeministri Berisha: Dh\u00ebndri im i ka pronat e trash\u00ebguara nga gjyshja\u2026"},"content":{"rendered":"<p style=\"margin-top: 0in; background: white;\"><span style=\"color: #212529;\">Ish-kryeministri Sali Berisha, \u00ebsht\u00eb pyetur nga gazetar\u00ebt n\u00eb lidhje me akuzat e b\u00ebra p\u00ebr pronat e dh\u00ebndrit t\u00eb tij Jamarb\u00ebr Malltezi. Berisha tha se Malltezi i ka pronat e trash\u00ebguara nga gjyshja. Gjithashtu, Berisha deklaroi se ka pasur solidaritet t\u00eb madh, pas vendimit t\u00eb nj\u00eb dite m\u00eb par\u00eb p\u00ebr shpalljen non-grata nga SHBA.<\/span><\/p>\n<p style=\"margin-top: 0in; background: white; box-sizing: border-box; margin-bottom: 1rem; font-variant-ligatures: normal; font-variant-caps: normal; orphans: 2; widows: 2; -webkit-text-stroke-width: 0px; text-decoration-thickness: initial; text-decoration-style: initial; text-decoration-color: initial; word-spacing: 0px;\"><span style=\"color: #212529;\">Ai u pyet edhe p\u00ebr rolin e ish-ambasadorit amerikan Donald Lu n\u00eb p\u00ebrfundimet e DASH, duke deklaruar se nuk ka dijeni.<\/span><\/p>\n<p style=\"margin-top: 0in; background: white; box-sizing: border-box; margin-bottom: 1rem; font-variant-ligatures: normal; font-variant-caps: normal; orphans: 2; widows: 2; -webkit-text-stroke-width: 0px; text-decoration-thickness: initial; text-decoration-style: initial; text-decoration-color: initial; word-spacing: 0px;\"><em style=\"box-sizing: border-box;\"><span style=\"color: #212529;\">\u201cKam hapur nj\u00eb proces gjyq\u00ebsor p\u00ebr emisionin p\u00ebr dokumentet q\u00eb jan\u00eb fshehur. Ato ekzistojn\u00eb. Pronar\u00ebt kan\u00eb hapur nj\u00eb proces. Ai q\u00eb ka fshehur dokumentet do marr\u00eb p\u00ebrgjigjen n\u00eb Gjykat\u00eb. Dh\u00ebndri im pronat i ka nga gjyshja. Para dinjiteti nuk v\u00eb asnj\u00eb tjet\u00ebr. Nuk i druhem askujt.<\/span><\/em><\/p>\n<p style=\"margin-top: 0in; background: white; box-sizing: border-box; margin-bottom: 1rem; font-variant-ligatures: normal; font-variant-caps: normal; orphans: 2; widows: 2; -webkit-text-stroke-width: 0px; text-decoration-thickness: initial; text-decoration-style: initial; text-decoration-color: initial; word-spacing: 0px;\"><em style=\"box-sizing: border-box;\"><span style=\"color: #212529;\">Do rivendos dinjitetin tim. Ata q\u00eb hedhin akuza p\u00ebr G\u00ebrdecin jan\u00eb nj\u00eb grup kund\u00ebrshtar. Mir\u00eb nuk \u00ebsht\u00eb q\u00eb t\u00eb manipuloj\u00eb. K\u00ebshtu q\u00eb n\u00eb k\u00ebt\u00eb kontekst, nuk shoh ndonj\u00eb gj\u00eb t\u00eb ve\u00e7ant\u00eb. Beteja ime ka lidhje vet\u00ebm me dinjitetin njer\u00ebzor. Nuk kam un\u00eb asnj\u00eb problem tjet\u00ebr.<\/span><\/em><\/p>\n<p style=\"margin-top: 0in; background: white; box-sizing: border-box; margin-bottom: 1rem; font-variant-ligatures: normal; font-variant-caps: normal; orphans: 2; widows: 2; -webkit-text-stroke-width: 0px; text-decoration-thickness: initial; text-decoration-style: initial; text-decoration-color: initial; word-spacing: 0px;\"><em style=\"box-sizing: border-box;\"><span style=\"color: #212529;\">Por \u00ebsht\u00eb e parevokueshme. Kam pasur shum\u00eb komunikime por nuk kam k\u00ebrkuar ndihm\u00ebn e askujt. Un\u00eb vendosa t\u2019i drejtohem gjykat\u00ebs. Mendova se kjo ishte zgjedhja m\u00eb e mir\u00eb.<\/span><\/em><\/p>\n<p style=\"margin-top: 0in; background: white; box-sizing: border-box; margin-bottom: 1rem; font-variant-ligatures: normal; font-variant-caps: normal; orphans: 2; widows: 2; -webkit-text-stroke-width: 0px; text-decoration-thickness: initial; text-decoration-style: initial; text-decoration-color: initial; word-spacing: 0px;\"><em style=\"box-sizing: border-box;\"><span style=\"color: #212529;\">Solidaritet m\u00eb t\u00eb madh se nga dje deri sot nuk mbaj mend t\u00eb kem pasur ndonj\u00ebher\u00eb nga PD dhe shum\u00eb t\u00eb tjer\u00eb. Nuk kam dijeni se kush e ka iniciuar. Ato jan\u00eb procedura t\u00eb nj\u00eb qeverie q\u00eb funksionon mbi baz\u00ebn e procedur\u00ebs s\u00eb ve<\/span><\/em><span style=\"color: #212529;\">t\u201d, u shpreh Berisha.<\/span><\/p>\n","protected":false},"excerpt":{"rendered":"<p>Ish-kryeministri Sali Berisha, \u00ebsht\u00eb pyetur nga gazetar\u00ebt n\u00eb lidhje me akuzat e b\u00ebra p\u00ebr pronat e dh\u00ebndrit t\u00eb tij Jamarb\u00ebr Malltezi. Berisha tha se Malltezi i ka pronat e trash\u00ebguara nga gjyshja. Gjithashtu, Berisha deklaroi se ka pasur solidaritet t\u00eb madh, pas vendimit t\u00eb nj\u00eb dite m\u00eb par\u00eb p\u00ebr shpalljen non-grata nga SHBA. Ai u [&hellip;]<\/p>\n","protected":false},"author":2016,"featured_media":183683,"comment_status":"closed","ping_status":"closed","sticky":false,"template":"","format":"standard","meta":{"footnotes":""},"categories":[241],"tags":[1686],"class_list":{"0":"post-183681","1":"post","2":"type-post","3":"status-publish","4":"format-standard","5":"has-post-thumbnail","7":"category-aktualitet","8":"tag-lajme-zjarr-flet-ish-kryeministri-berisha-zjarr-tv"},"_links":{"self":[{"href":"https:\/\/zjarr.tv\/sq\/wp-json\/wp\/v2\/posts\/183681","targetHints":{"allow":["GET"]}}],"collection":[{"href":"https:\/\/zjarr.tv\/sq\/wp-json\/wp\/v2\/posts"}],"about":[{"href":"https:\/\/zjarr.tv\/sq\/wp-json\/wp\/v2\/types\/post"}],"author":[{"embeddable":true,"href":"https:\/\/zjarr.tv\/sq\/wp-json\/wp\/v2\/users\/2016"}],"replies":[{"embeddable":true,"href":"https:\/\/zjarr.tv\/sq\/wp-json\/wp\/v2\/comments?post=183681"}],"version-history":[{"count":0,"href":"https:\/\/zjarr.tv\/sq\/wp-json\/wp\/v2\/posts\/183681\/revisions"}],"wp:featuredmedia":[{"embeddable":true,"href":"https:\/\/zjarr.tv\/sq\/wp-json\/wp\/v2\/media\/183683"}],"wp:attachment":[{"href":"https:\/\/zjarr.tv\/sq\/wp-json\/wp\/v2\/media?parent=183681"}],"wp:term":[{"taxonomy":"category","embeddable":true,"href":"https:\/\/zjarr.tv\/sq\/wp-json\/wp\/v2\/categories?post=183681"},{"taxonomy":"post_tag","embeddable":true,"href":"https:\/\/zjarr.tv\/sq\/wp-json\/wp\/v2\/tags?post=183681"}],"curies":[{"name":"wp","href":"https:\/\/api.w.org\/{rel}","templated":true}]}}