{"id":183692,"date":"2021-05-21T09:33:36","date_gmt":"2021-05-21T07:33:36","guid":{"rendered":"https:\/\/zjarr.tv\/?p=183692"},"modified":"2021-05-21T09:33:36","modified_gmt":"2021-05-21T07:33:36","slug":"rihapja-e-kutive-te-beratit-sa-vota-me-shume-mori-lsi-pas-numerimit-te-46-114-qendra","status":"publish","type":"post","link":"https:\/\/zjarr.tv\/sq\/rihapja-e-kutive-te-beratit-sa-vota-me-shume-mori-lsi-pas-numerimit-te-46-114-qendra\/","title":{"rendered":"Rihapja e kutive t\u00eb Beratit\/ Sa vota m\u00eb shum\u00eb mori LSI pas num\u00ebrimit t\u00eb 46\/114 qendra?"},"content":{"rendered":"<p style=\"line-height: 19.5pt; background: white; margin: 0in 0in 18.75pt 0in;\"><span style=\"color: #2c2f34;\">Komisioni i Ankesave dhe Sanksioneve, nisi dit\u00ebn e djeshme rinum\u00ebrimin e votave p\u00ebr 114 qendrat e votimit t\u00eb Qarkut t\u00eb Beratit, vet\u00ebm p\u00ebr subjektet zgjedhore dhe jo p\u00ebr kandidat\u00ebt. Rinum\u00ebrimi filloi n\u00eb or\u00ebn 15:00 dhe u mbyll rreth or\u00ebs 20:00, ku do t\u00eb rinis\u00eb s\u00ebrish sot n\u00eb or\u00ebn 09:00.<\/span><\/p>\n<p style=\"line-height: 19.5pt; background: white; outline: none; box-sizing: border-box; font-variant-ligatures: normal; font-variant-caps: normal; orphans: 2; text-align: start; widows: 2; -webkit-text-stroke-width: 0px; text-decoration-thickness: initial; text-decoration-style: initial; text-decoration-color: initial; word-spacing: 0px; margin: 0in 0in 18.75pt 0in;\"><span style=\"color: #2c2f34;\">Nga rinum\u00ebrimi i 46 kutive t\u00eb para, diferenca mes Partis\u00eb Socialiste dhe LSI \u00ebsht\u00eb 74 vota, nga 77 q\u00eb ishin m\u00eb par\u00eb, \u00e7\u2019ka do t\u00eb thot\u00eb q\u00eb LSI, ka mundur t\u00eb rikuperoj\u00eb vet\u00ebm 3 vota, t\u00eb cilat kan\u00eb qen\u00eb t\u00eb kontestuara.<\/span><\/p>\n<p style=\"line-height: 19.5pt; background: white; outline: none; box-sizing: border-box; font-variant-ligatures: normal; font-variant-caps: normal; orphans: 2; text-align: start; widows: 2; -webkit-text-stroke-width: 0px; text-decoration-thickness: initial; text-decoration-style: initial; text-decoration-color: initial; word-spacing: 0px; margin: 0in 0in 18.75pt 0in;\"><span style=\"color: #2c2f34;\">Sipas k\u00ebrkes\u00ebs ankimore t\u00eb partive opozitare, n\u00eb k\u00ebt\u00eb qark ka pasur parregullsi n\u00eb procesin e num\u00ebrimit \u00e7\u2019ka sipas tyre, ka ndikuar n\u00eb mosmarrjen e 1 mandati nga LSI.<\/span><\/p>\n<p style=\"margin: 0in; line-height: 19.5pt; background: white; outline: none; box-sizing: border-box; font-variant-ligatures: normal; font-variant-caps: normal; orphans: 2; text-align: start; widows: 2; -webkit-text-stroke-width: 0px; text-decoration-thickness: initial; text-decoration-style: initial; text-decoration-color: initial; word-spacing: 0px;\"><span style=\"color: #2c2f34;\">Nd\u00ebrkoh\u00eb, p\u00ebr 2 k\u00ebrkesat ankimore t\u00eb Partis\u00eb Demokratike dhe L\u00ebvizjes Socialiste p\u00ebr Integrim p\u00ebr pavlefshm\u00ebrin\u00eb e zgjedhjeve n\u00eb Qarkun e Vlor\u00ebs, KAS vendosi t\u2019i rr\u00ebzoj\u00eb.<\/span><\/p>\n","protected":false},"excerpt":{"rendered":"<p>Komisioni i Ankesave dhe Sanksioneve, nisi dit\u00ebn e djeshme rinum\u00ebrimin e votave p\u00ebr 114 qendrat e votimit t\u00eb Qarkut t\u00eb Beratit, vet\u00ebm p\u00ebr subjektet zgjedhore dhe jo p\u00ebr kandidat\u00ebt. Rinum\u00ebrimi filloi n\u00eb or\u00ebn 15:00 dhe u mbyll rreth or\u00ebs 20:00, ku do t\u00eb rinis\u00eb s\u00ebrish sot n\u00eb or\u00ebn 09:00. Nga rinum\u00ebrimi i 46 kutive t\u00eb [&hellip;]<\/p>\n","protected":false},"author":2016,"featured_media":183694,"comment_status":"closed","ping_status":"closed","sticky":false,"template":"","format":"standard","meta":{"footnotes":""},"categories":[241,1454],"tags":[3198],"class_list":{"0":"post-183692","1":"post","2":"type-post","3":"status-publish","4":"format-standard","5":"has-post-thumbnail","7":"category-aktualitet","8":"category-politike","9":"tag-lajme-zjarr-rihapja-e-kutive-te-beratit-zjarr-tv"},"_links":{"self":[{"href":"https:\/\/zjarr.tv\/sq\/wp-json\/wp\/v2\/posts\/183692","targetHints":{"allow":["GET"]}}],"collection":[{"href":"https:\/\/zjarr.tv\/sq\/wp-json\/wp\/v2\/posts"}],"about":[{"href":"https:\/\/zjarr.tv\/sq\/wp-json\/wp\/v2\/types\/post"}],"author":[{"embeddable":true,"href":"https:\/\/zjarr.tv\/sq\/wp-json\/wp\/v2\/users\/2016"}],"replies":[{"embeddable":true,"href":"https:\/\/zjarr.tv\/sq\/wp-json\/wp\/v2\/comments?post=183692"}],"version-history":[{"count":0,"href":"https:\/\/zjarr.tv\/sq\/wp-json\/wp\/v2\/posts\/183692\/revisions"}],"wp:featuredmedia":[{"embeddable":true,"href":"https:\/\/zjarr.tv\/sq\/wp-json\/wp\/v2\/media\/183694"}],"wp:attachment":[{"href":"https:\/\/zjarr.tv\/sq\/wp-json\/wp\/v2\/media?parent=183692"}],"wp:term":[{"taxonomy":"category","embeddable":true,"href":"https:\/\/zjarr.tv\/sq\/wp-json\/wp\/v2\/categories?post=183692"},{"taxonomy":"post_tag","embeddable":true,"href":"https:\/\/zjarr.tv\/sq\/wp-json\/wp\/v2\/tags?post=183692"}],"curies":[{"name":"wp","href":"https:\/\/api.w.org\/{rel}","templated":true}]}}