{"id":183700,"date":"2021-05-21T10:05:35","date_gmt":"2021-05-21T08:05:35","guid":{"rendered":"https:\/\/zjarr.tv\/?p=183700"},"modified":"2021-05-21T10:05:35","modified_gmt":"2021-05-21T08:05:35","slug":"berisha-flet-pasi-u-shpall-non-grata-nga-shba-me-eshte-prekur-nderi-dhe-dinjiteti-jane-akuza-qe-si-ka-renditur-kurre-askush","status":"publish","type":"post","link":"https:\/\/zjarr.tv\/sq\/berisha-flet-pasi-u-shpall-non-grata-nga-shba-me-eshte-prekur-nderi-dhe-dinjiteti-jane-akuza-qe-si-ka-renditur-kurre-askush\/","title":{"rendered":"Berisha flet pasi u shpall \u201cnon grata\u201d nga SHBA: M\u00eb \u00ebsht\u00eb prekur nderi dhe dinjiteti, jan\u00eb akuza q\u00eb si ka renditur kurr\u00eb askush\u2026"},"content":{"rendered":"<p style=\"line-height: 22.5pt; background: white; margin: 12.0pt 0in 6.0pt 0in;\"><span style=\"color: #404040;\">Ish-kryeministri Sali Berisha, doli n\u00eb nj\u00eb konferenc\u00eb p\u00ebr shtyp me gazetar\u00ebt pasditen e dit\u00ebs s\u00eb enjte.<\/span><\/p>\n<p style=\"line-height: 22.5pt; background: white; box-sizing: border-box; -webkit-font-smoothing: antialiased; font-variant-ligatures: normal; font-variant-caps: normal; orphans: 2; text-align: start; widows: 2; -webkit-text-stroke-width: 0px; text-decoration-thickness: initial; text-decoration-style: initial; text-decoration-color: initial; word-spacing: 0px; margin: 12.0pt 0in 6.0pt 0in;\"><span style=\"color: #404040;\">Kjo konferenc\u00eb, vjen pasi DASH e shpalli at\u00eb \u201cnon grata\u201d , duke i ndaluar hyrjen n\u00eb SHBA atij dhe familjes s\u00eb tij.<br style=\"box-sizing: border-box; -webkit-font-smoothing: antialiased;\" \/>N\u00eb fjal\u00ebn e tij ish-kryeministri, ka njoftuar se do t\u00eb ngrej\u00eb padi ndaj sekretarit amerikan t\u00eb shtetit Anthony Blinken. Berisha thot\u00eb se edhe pse ka 8 vite lag nga drejtimi i k\u00ebtij vendi \u201cpo i shkelmohet dinjiteti\u201d, ndaj \u00ebsht\u00eb i detyruar t\u00eb nd\u00ebrmarr\u00eb nj\u00eb akt t\u00eb till\u00eb.<\/span><\/p>\n<p style=\"line-height: 22.5pt; background: white; box-sizing: border-box; -webkit-font-smoothing: antialiased; font-variant-ligatures: normal; font-variant-caps: normal; orphans: 2; text-align: start; widows: 2; -webkit-text-stroke-width: 0px; text-decoration-thickness: initial; text-decoration-style: initial; text-decoration-color: initial; word-spacing: 0px; margin: 12.0pt 0in 6.0pt 0in;\"><span style=\"color: #404040;\">Berisha thot\u00eb se Blinken, ka renditur akuza mjaft t\u00eb r\u00ebnda pa pasur asnj\u00eb prov\u00eb dhe asnj\u00eb argument, p\u00ebr k\u00ebto akuza t\u00eb cilat suipas tij nuk e ka b\u00ebr\u00eb askush deri m\u00eb sot, madje as kund\u00ebrshtar\u00ebt m\u00eb t\u00eb eg\u00ebr.<\/span><\/p>\n<p style=\"line-height: 22.5pt; background: white; box-sizing: border-box; -webkit-font-smoothing: antialiased; margin: 12.0pt 0in 6.0pt 0in;\"><b style=\"box-sizing: border-box; -webkit-font-smoothing: antialiased;\"><span style=\"color: #404040;\">Berisha: Sot jam p\u00ebrgjegj\u00ebs p\u00ebr dinjitetin tim. Dua t\u2019ju sqaroj, ka qen\u00eb dinjiteti i munguar se po t\u00eb kthehemi 30 vite ose 40 vite pas mua do t\u00eb m\u00eb gjenit nj\u00eb kardiolog pasionant\u00eb n\u00eb klinik\u00ebn, nj\u00eb njeri i sh\u00ebtitur, q\u00eb jetonte absolutisht jo keq t\u00eb themi at\u00eb q\u00eb \u00ebsht\u00eb. Kishte nj\u00eb banes\u00eb 30 m m\u00eb e vog\u00ebl q\u00eb kam sot por kishte nj\u00eb problem, por nuk kishte dinjitet ky njeri. T\u00eb tjera kishte k\u00ebtu t\u00eb tjera thoshte n\u00eb publik. Shkonte me votuar dhe votonte fshehtas p\u00ebr at\u00eb q\u00eb urrente. Shtysa ime p\u00ebr t\u00eb dal\u00eb kundra atij regjimi n\u00eb ato shkrime kam shprehur gjat\u00eb nj\u00eb viti. Sot, pas 8 vitesh larguar nga drejtimi m\u00eb shkelmohet dinjiteti im un\u00eb detyrohem t\u00eb marr nj\u00eb akt t\u00eb till\u00eb, si nj\u00eb akt ndaj SHBA p\u00ebr t\u00eb cilat ushqej t\u00eb nj\u00ebjtat ndjenja, por ndaj nj\u00eb njeriu i cili pa rreshtuar asnj\u00eb prov\u00eb asnj\u00eb argument ka renditur akuzat q\u00eb si ka renditur kurr\u00eb askush ndaj meje edhe kund\u00ebrshtar\u00ebt me t\u00eb eg\u00ebr.<\/span><\/b><\/p>\n","protected":false},"excerpt":{"rendered":"<p>Ish-kryeministri Sali Berisha, doli n\u00eb nj\u00eb konferenc\u00eb p\u00ebr shtyp me gazetar\u00ebt pasditen e dit\u00ebs s\u00eb enjte. Kjo konferenc\u00eb, vjen pasi DASH e shpalli at\u00eb \u201cnon grata\u201d , duke i ndaluar hyrjen n\u00eb SHBA atij dhe familjes s\u00eb tij.N\u00eb fjal\u00ebn e tij ish-kryeministri, ka njoftuar se do t\u00eb ngrej\u00eb padi ndaj sekretarit amerikan t\u00eb shtetit Anthony [&hellip;]<\/p>\n","protected":false},"author":2016,"featured_media":183703,"comment_status":"closed","ping_status":"closed","sticky":false,"template":"","format":"standard","meta":{"footnotes":""},"categories":[241],"tags":[3200],"class_list":{"0":"post-183700","1":"post","2":"type-post","3":"status-publish","4":"format-standard","5":"has-post-thumbnail","7":"category-aktualitet","8":"tag-lajme-zjarr-berisha-me-eshte-prekur-nderi-dhe-dinjiteti-zjarr-tv"},"_links":{"self":[{"href":"https:\/\/zjarr.tv\/sq\/wp-json\/wp\/v2\/posts\/183700","targetHints":{"allow":["GET"]}}],"collection":[{"href":"https:\/\/zjarr.tv\/sq\/wp-json\/wp\/v2\/posts"}],"about":[{"href":"https:\/\/zjarr.tv\/sq\/wp-json\/wp\/v2\/types\/post"}],"author":[{"embeddable":true,"href":"https:\/\/zjarr.tv\/sq\/wp-json\/wp\/v2\/users\/2016"}],"replies":[{"embeddable":true,"href":"https:\/\/zjarr.tv\/sq\/wp-json\/wp\/v2\/comments?post=183700"}],"version-history":[{"count":0,"href":"https:\/\/zjarr.tv\/sq\/wp-json\/wp\/v2\/posts\/183700\/revisions"}],"wp:featuredmedia":[{"embeddable":true,"href":"https:\/\/zjarr.tv\/sq\/wp-json\/wp\/v2\/media\/183703"}],"wp:attachment":[{"href":"https:\/\/zjarr.tv\/sq\/wp-json\/wp\/v2\/media?parent=183700"}],"wp:term":[{"taxonomy":"category","embeddable":true,"href":"https:\/\/zjarr.tv\/sq\/wp-json\/wp\/v2\/categories?post=183700"},{"taxonomy":"post_tag","embeddable":true,"href":"https:\/\/zjarr.tv\/sq\/wp-json\/wp\/v2\/tags?post=183700"}],"curies":[{"name":"wp","href":"https:\/\/api.w.org\/{rel}","templated":true}]}}