{"id":183705,"date":"2021-05-21T10:17:00","date_gmt":"2021-05-21T08:17:00","guid":{"rendered":"https:\/\/zjarr.tv\/?p=183705"},"modified":"2021-05-21T10:17:00","modified_gmt":"2021-05-21T08:17:00","slug":"anxhela-peristeri-flet-pas-kualifikimit-ne-finalen-e-eurovisionit-shqiperia-e-meriton-jam-shume-mirenjohese","status":"publish","type":"post","link":"https:\/\/zjarr.tv\/sq\/anxhela-peristeri-flet-pas-kualifikimit-ne-finalen-e-eurovisionit-shqiperia-e-meriton-jam-shume-mirenjohese\/","title":{"rendered":"Anxhela Peristeri flet pas kualifikimit n\u00eb finalen e Eurovisionit: Shqip\u00ebria e meriton, jam shum\u00eb mir\u00ebnjoh\u00ebse\u2026"},"content":{"rendered":"<p style=\"margin-top: 0in; background: white;\"><span style=\"color: #212529;\">P\u00ebr \u00e7do shtet ka\u00a0<strong style=\"box-sizing: border-box;\"><span style=\"font-weight: normal;\">tre pyetje,<\/span><\/strong> nj\u00eb nga gazetar\u00ebt e vendit konkurrues, mediat nd\u00ebrkomb\u00ebtare dhe ato online.\u00a0<\/span><strong style=\"box-sizing: border-box;\"><span style=\"color: #212529; font-weight: normal;\">Pyetja e gazetares shqiptare:<\/span><\/strong><span style=\"color: #212529;\">\u00a0Si ndihesh, pasi ishe e vetme n\u00eb sken\u00eb dhe ja dole q\u00eb e gjith\u00eb Europa t\u00eb votoj\u00eb p\u00ebr ty dhe Shqip\u00ebria t\u00eb jet\u00eb n\u00eb finalen e madhe?<\/span><\/p>\n<p style=\"margin-top: 0in; background: white; box-sizing: border-box; margin-bottom: 1rem; font-variant-ligatures: normal; font-variant-caps: normal; orphans: 2; widows: 2; -webkit-text-stroke-width: 0px; text-decoration-thickness: initial; text-decoration-style: initial; text-decoration-color: initial; word-spacing: 0px;\"><strong style=\"box-sizing: border-box;\"><span style=\"color: #212529; font-weight: normal;\">Anxhela Peristeri:<\/span><\/strong><span style=\"color: #212529;\">\u00a0Nuk kam fjal\u00eb t\u00eb p\u00ebrshkruaj ndjenjat e mia tani. Ishte mahnit\u00ebse, sepse isha e para dhe nuk e prisja k\u00ebt\u00eb. I dua t\u00eb gjith\u00eb shqiptar\u00ebt q\u00eb m\u00eb votuan, t\u00eb gjith\u00eb shtetet europiane, jam shum\u00eb mir\u00ebnjoh\u00ebse. Ndihem shum\u00eb e lumtur tani. Faleminderit!<\/span><\/p>\n<p style=\"margin-top: 0in; background: white; box-sizing: border-box; margin-bottom: 1rem; font-variant-ligatures: normal; font-variant-caps: normal; orphans: 2; widows: 2; -webkit-text-stroke-width: 0px; text-decoration-thickness: initial; text-decoration-style: initial; text-decoration-color: initial; word-spacing: 0px;\"><strong style=\"box-sizing: border-box;\"><span style=\"color: #212529; font-weight: normal;\">Shtypi nd\u00ebrkomb\u00ebtar p\u00ebrfaq\u00ebsuar me Poloninin\u00eb<\/span><\/strong><b><span style=\"color: #212529;\">:<\/span><\/b><span style=\"color: #212529;\"> Si \u00ebsht\u00eb \u201cKarma\u201d jote tani?<\/span><\/p>\n<p style=\"margin-top: 0in; background: white; box-sizing: border-box; margin-bottom: 1rem; font-variant-ligatures: normal; font-variant-caps: normal; orphans: 2; widows: 2; -webkit-text-stroke-width: 0px; text-decoration-thickness: initial; text-decoration-style: initial; text-decoration-color: initial; word-spacing: 0px;\"><strong style=\"box-sizing: border-box;\"><span style=\"color: #212529; font-weight: normal;\">Anxhela Peristeri:<\/span><span style=\"color: #212529;\">\u00a0<\/span><\/strong><span style=\"color: #212529;\">E dua \u201cKarm\u00ebn\u201d time, do t\u00eb jem nj\u00eb njeri i mir\u00eb p\u00ebr pjes\u00ebn e mbetur t\u00eb jet\u00ebs\u2026<\/span><\/p>\n<p style=\"margin-top: 0in; background: white; box-sizing: border-box; margin-bottom: 1rem; font-variant-ligatures: normal; font-variant-caps: normal; orphans: 2; widows: 2; -webkit-text-stroke-width: 0px; text-decoration-thickness: initial; text-decoration-style: initial; text-decoration-color: initial; word-spacing: 0px;\"><span style=\"color: #212529;\">Nd\u00ebrsa nga\u00a0<strong style=\"box-sizing: border-box;\"><span style=\"font-weight: normal;\">gazetar\u00ebt e mediave online<\/span>\u00a0<\/strong>pyetja ishte:\u00a0Si ndihesh tani q\u00eb Shqip\u00ebria \u00ebsht\u00eb p\u00ebr her\u00eb t\u00eb tret\u00eb radhazi n\u00eb finalen e madhe t\u00eb \u201cEurovision\u201d?<\/span><\/p>\n<p style=\"margin-top: 0in; background: white; box-sizing: border-box; margin-bottom: 1rem; font-variant-ligatures: normal; font-variant-caps: normal; orphans: 2; widows: 2; -webkit-text-stroke-width: 0px; text-decoration-thickness: initial; text-decoration-style: initial; text-decoration-color: initial; word-spacing: 0px;\"><strong style=\"box-sizing: border-box;\"><span style=\"color: #212529; font-weight: normal;\">Anxhela Peristeri:<\/span><span style=\"color: #212529;\">\u00a0<\/span><\/strong><span style=\"color: #212529;\">Ndihem e lumtur, sepse Shqip\u00ebria e meriton, jemi nj\u00eb vend i vog\u00ebl, por kemi artist\u00eb shum\u00eb t\u00eb mir\u00eb. T\u00eb gjith\u00eb duhet ta njohin vendin ton\u00eb dhe muzik\u00ebn ton\u00eb.<\/span><\/p>\n","protected":false},"excerpt":{"rendered":"<p>P\u00ebr \u00e7do shtet ka\u00a0tre pyetje, nj\u00eb nga gazetar\u00ebt e vendit konkurrues, mediat nd\u00ebrkomb\u00ebtare dhe ato online.\u00a0Pyetja e gazetares shqiptare:\u00a0Si ndihesh, pasi ishe e vetme n\u00eb sken\u00eb dhe ja dole q\u00eb e gjith\u00eb Europa t\u00eb votoj\u00eb p\u00ebr ty dhe Shqip\u00ebria t\u00eb jet\u00eb n\u00eb finalen e madhe? Anxhela Peristeri:\u00a0Nuk kam fjal\u00eb t\u00eb p\u00ebrshkruaj ndjenjat e mia tani. [&hellip;]<\/p>\n","protected":false},"author":2016,"featured_media":183707,"comment_status":"closed","ping_status":"closed","sticky":false,"template":"","format":"standard","meta":{"footnotes":""},"categories":[241,337],"tags":[3201],"class_list":{"0":"post-183705","1":"post","2":"type-post","3":"status-publish","4":"format-standard","5":"has-post-thumbnail","7":"category-aktualitet","8":"category-kulture","9":"tag-lajme-zjarr-peristeri-flet-pas-kualifikimit-ne-finale-zjarr-tv"},"_links":{"self":[{"href":"https:\/\/zjarr.tv\/sq\/wp-json\/wp\/v2\/posts\/183705","targetHints":{"allow":["GET"]}}],"collection":[{"href":"https:\/\/zjarr.tv\/sq\/wp-json\/wp\/v2\/posts"}],"about":[{"href":"https:\/\/zjarr.tv\/sq\/wp-json\/wp\/v2\/types\/post"}],"author":[{"embeddable":true,"href":"https:\/\/zjarr.tv\/sq\/wp-json\/wp\/v2\/users\/2016"}],"replies":[{"embeddable":true,"href":"https:\/\/zjarr.tv\/sq\/wp-json\/wp\/v2\/comments?post=183705"}],"version-history":[{"count":0,"href":"https:\/\/zjarr.tv\/sq\/wp-json\/wp\/v2\/posts\/183705\/revisions"}],"wp:featuredmedia":[{"embeddable":true,"href":"https:\/\/zjarr.tv\/sq\/wp-json\/wp\/v2\/media\/183707"}],"wp:attachment":[{"href":"https:\/\/zjarr.tv\/sq\/wp-json\/wp\/v2\/media?parent=183705"}],"wp:term":[{"taxonomy":"category","embeddable":true,"href":"https:\/\/zjarr.tv\/sq\/wp-json\/wp\/v2\/categories?post=183705"},{"taxonomy":"post_tag","embeddable":true,"href":"https:\/\/zjarr.tv\/sq\/wp-json\/wp\/v2\/tags?post=183705"}],"curies":[{"name":"wp","href":"https:\/\/api.w.org\/{rel}","templated":true}]}}