{"id":183711,"date":"2021-05-21T10:51:29","date_gmt":"2021-05-21T08:51:29","guid":{"rendered":"https:\/\/zjarr.tv\/?p=183711"},"modified":"2021-05-21T10:52:41","modified_gmt":"2021-05-21T08:52:41","slug":"paolo-foresti-komenton-vendimin-per-berishen-e-rrezikshme-kur-injoranca-mbizoteron-mbi-njohurine","status":"publish","type":"post","link":"https:\/\/zjarr.tv\/sq\/paolo-foresti-komenton-vendimin-per-berishen-e-rrezikshme-kur-injoranca-mbizoteron-mbi-njohurine\/","title":{"rendered":"Paolo Foresti komenton vendimin e SHBA p\u00ebr Berish\u00ebn: E rrezikshme kur injoranca mbizot\u00ebron mbi njohurin\u00eb\u2026"},"content":{"rendered":"<p>Diplomati i njohur italian dhe ish-ambasador i Shqip\u00ebris\u00eb, Paolo Foresti, ka komentuar vendimin e Departamentit t\u00eb Shtetit p\u00ebr ish-kryeministrin Sali Berisha. I pyetur nga gazetari Aleks Kapllaj, ai tha se real politika b\u00ebhet e rrezikshme, kur injoranca mbizot\u00ebron mbi njohurit\u00eb.<\/p>\n<p><strong>PYETJE: Sekretari amerikan i Shtetit Antony Blinken deklaroi ish-Kryeministrin dhe Presidentin e Shqip\u00ebris\u00eb Sali Berisha, \u201cnon grata\u201d n\u00eb SHBA, p\u00ebr arsye korrupsioni! Megjithat\u00eb, deri m\u00eb tani nuk ka pasur asnj\u00eb denoncim dhe asnj\u00eb d\u00ebnim n\u00eb asnj\u00eb nivel gjykimi p\u00ebr t\u00eb, si n\u00eb Shqip\u00ebri ashtu edhe jasht\u00eb saj. Si e shihni ju nj\u00eb vendim t\u00eb till\u00eb?<\/strong><\/p>\n<p><strong>Berisha ka 8 vjet q\u00eb nuk ka asnj\u00eb funksion aktiv politik dhe ka nj\u00eb vit q\u00eb nuk ka imunitet parlamentar, k\u00ebshtu \u00ebsht\u00eb i lir\u00eb p\u00ebr t&#8217;u ndjekur dhe gjykuar. \u00c7far\u00eb baze juridike nd\u00ebrkomb\u00ebtare ka ky vendim?<\/strong><\/p>\n<p>PAOLO FORESTI: Nuk ka baz\u00eb nd\u00ebrkomb\u00ebtare, por nj\u00eb vendim autonom nga SHBA. Mbi \u00e7far\u00eb baze, nuk e di! P\u00ebr t\u00eb qen\u00eb serioz dhe i besuesh\u00ebm, shum\u00eb prej drejtuesve t\u00eb sot\u00ebm institucional\u00eb shqiptar\u00eb, do t\u00eb duhej t\u00eb deklaroheshin, t\u00eb pakt\u00ebn, t\u00eb dyshuar p\u00ebr korrupsion.<\/p>\n<p>Do t\u00eb doja t\u00eb dija sa di Sekretari Blinken p\u00ebr Shqip\u00ebrin\u00eb sot!?<\/p>\n<p>Real politika praktike (q\u00eb bazohet m\u00eb shum\u00eb mbi parimet praktike dhe interesat personale t\u00eb momentit, sesa ato parimet universale morale e etike A.K) \u00ebsht\u00eb ve\u00e7an\u00ebrisht e rrezikshme, kur injoranca mbizot\u00ebron mbi njohurin\u00eb.<\/p>\n","protected":false},"excerpt":{"rendered":"<p>Diplomati i njohur italian dhe ish-ambasador i Shqip\u00ebris\u00eb, Paolo Foresti, ka komentuar vendimin e Departamentit t\u00eb Shtetit p\u00ebr ish-kryeministrin Sali Berisha. I pyetur nga gazetari Aleks Kapllaj, ai tha se real politika b\u00ebhet e rrezikshme, kur injoranca mbizot\u00ebron mbi njohurit\u00eb. PYETJE: Sekretari amerikan i Shtetit Antony Blinken deklaroi ish-Kryeministrin dhe Presidentin e Shqip\u00ebris\u00eb Sali Berisha, [&hellip;]<\/p>\n","protected":false},"author":2016,"featured_media":183713,"comment_status":"closed","ping_status":"closed","sticky":false,"template":"","format":"standard","meta":{"footnotes":""},"categories":[241],"tags":[3203],"class_list":{"0":"post-183711","1":"post","2":"type-post","3":"status-publish","4":"format-standard","5":"has-post-thumbnail","7":"category-aktualitet","8":"tag-lajme-zjarr-foresti-komenton-vendimin-per-berishen-zjarr-tv"},"_links":{"self":[{"href":"https:\/\/zjarr.tv\/sq\/wp-json\/wp\/v2\/posts\/183711","targetHints":{"allow":["GET"]}}],"collection":[{"href":"https:\/\/zjarr.tv\/sq\/wp-json\/wp\/v2\/posts"}],"about":[{"href":"https:\/\/zjarr.tv\/sq\/wp-json\/wp\/v2\/types\/post"}],"author":[{"embeddable":true,"href":"https:\/\/zjarr.tv\/sq\/wp-json\/wp\/v2\/users\/2016"}],"replies":[{"embeddable":true,"href":"https:\/\/zjarr.tv\/sq\/wp-json\/wp\/v2\/comments?post=183711"}],"version-history":[{"count":0,"href":"https:\/\/zjarr.tv\/sq\/wp-json\/wp\/v2\/posts\/183711\/revisions"}],"wp:featuredmedia":[{"embeddable":true,"href":"https:\/\/zjarr.tv\/sq\/wp-json\/wp\/v2\/media\/183713"}],"wp:attachment":[{"href":"https:\/\/zjarr.tv\/sq\/wp-json\/wp\/v2\/media?parent=183711"}],"wp:term":[{"taxonomy":"category","embeddable":true,"href":"https:\/\/zjarr.tv\/sq\/wp-json\/wp\/v2\/categories?post=183711"},{"taxonomy":"post_tag","embeddable":true,"href":"https:\/\/zjarr.tv\/sq\/wp-json\/wp\/v2\/tags?post=183711"}],"curies":[{"name":"wp","href":"https:\/\/api.w.org\/{rel}","templated":true}]}}